{"id":33846,"date":"2015-06-16T13:33:42","date_gmt":"2015-06-16T16:33:42","guid":{"rendered":"http:\/\/www.blogdotarugao.com.br\/v1\/?p=33846"},"modified":"2015-06-16T13:36:56","modified_gmt":"2015-06-16T16:36:56","slug":"33846","status":"publish","type":"post","link":"https:\/\/www.blogdotarugao.com.br\/v1\/2015\/06\/16\/33846\/","title":{"rendered":"Itapetinga: C\u00e2mara discute Plano Municipal de Educa\u00e7\u00e3o"},"content":{"rendered":"<h3 style=\"text-align: justify;\"><a href=\"http:\/\/www.blogdotarugao.com.br\/v1\/wp-content\/uploads\/2015\/06\/cm.jpg\" class=\"gallery_colorbox\"><img loading=\"lazy\" class=\"aligncenter  wp-image-33847\" src=\"http:\/\/www.blogdotarugao.com.br\/v1\/wp-content\/uploads\/2015\/06\/cm.jpg\"  alt=\"cm\" width=\"580\" height=\"386\" srcset=\"https:\/\/www.blogdotarugao.com.br\/v1\/wp-content\/uploads\/2015\/06\/cm.jpg 670w, https:\/\/www.blogdotarugao.com.br\/v1\/wp-content\/uploads\/2015\/06\/cm-300x200.jpg 300w\" sizes=\"(max-width: 580px) 100vw, 580px\" \/><\/a>A C\u00e2mara de Vereadores de Itapetinga realizou nesta ter\u00e7a-feira (16), uma audi\u00eancia p\u00fablica\u00a0 para debater as metas necess\u00e1rias para a elabora\u00e7\u00e3o do Plano Municipal de Educa\u00e7\u00e3o. O debate sobre o tema foi proposto pelos vereadores Renan Coelho, Amaral J\u00fanior e Neide Pereira. Estiveram presentes os vereadores Eliomar Barreiras, presidente da C\u00e2mara Valdeir Chagas, Marcos Gabrielle, Romildo Teixeira, Fabiano Bahia, Jos\u00e9 Antunes e Jo\u00e3o de Deus. A audi\u00eancia teve a proposta de discutir, avaliar e colher opini\u00f5es sobre as novas diretrizes para a educa\u00e7\u00e3o do munic\u00edpio. O encontro reuniu\u00a0 educadores, lideres religiosos, convidados, representantes municipais de Educa\u00e7\u00e3o e da sociedade civil, al\u00e9m de demais interessados sobre o futuro da educa\u00e7\u00e3o em Itapetinga.\u00a0<a class=\"cboxElement\" href=\"http:\/\/tribunadeitapetinga.com.br\/media\/2015\/06\/jjjjjj.jpg\" class=\"gallery_colorbox\"><img loading=\"lazy\" class=\"aligncenter wp-image-13587  colorbox-13585\" src=\"http:\/\/tribunadeitapetinga.com.br\/media\/2015\/06\/jjjjjj-400x266.jpg\"  alt=\"jjjjjj\" width=\"582\" height=\"387\" data-lazy-loaded=\"true\" \/><\/a><\/h3>\n<h3 style=\"text-align: justify;\">\u00a0As pessoas presentes como representa\u00e7\u00f5es da sociedade, militantes da educa\u00e7\u00e3o, professores, gestores, os vereadores, enfim, todos de fato se mostraram comprometidos com a educa\u00e7\u00e3o. O professor da rede p\u00fablica de ensino, Emanuel Santos, representando a Secretaria Municipal de Educa\u00e7\u00e3o ressaltou a participa\u00e7\u00e3o dos educadores na constru\u00e7\u00e3o do PME e as novas diretrizes que podem dar novo rumo \u00e0 educa\u00e7\u00e3o do munic\u00edpio.<a class=\"cboxElement\" href=\"http:\/\/tribunadeitapetinga.com.br\/media\/2015\/06\/20150616071735.jpg\" class=\"gallery_colorbox\"><img loading=\"lazy\" class=\"aligncenter wp-image-13588  colorbox-13585\" src=\"http:\/\/tribunadeitapetinga.com.br\/media\/2015\/06\/20150616071735-400x266.jpg\"  alt=\"20150616071735\" width=\"583\" height=\"387\" data-lazy-loaded=\"true\" \/><\/a><\/h3>\n<h3 style=\"text-align: justify;\">A reflex\u00e3o das quest\u00f5es de g\u00eanero e sexualidade \u201cIdeologia do G\u00eanero\u201d uma das a\u00e7\u00f5es do Plano Municipal de Educa\u00e7\u00e3o, em processo de elabora\u00e7\u00e3o pela Secretaria Municipal de Educa\u00e7\u00e3o.<\/h3>\n<h3 style=\"text-align: justify;\"><a class=\"cboxElement\" href=\"http:\/\/tribunadeitapetinga.com.br\/media\/2015\/06\/f.jpg\" class=\"gallery_colorbox\"><img loading=\"lazy\" class=\"alignleft wp-image-13589 size-thumbnail colorbox-13585\" src=\"http:\/\/tribunadeitapetinga.com.br\/media\/2015\/06\/f-120x120.jpg\"  alt=\"f\" width=\"120\" height=\"120\" data-lazy-loaded=\"true\" \/><\/a>E por se tratar de um tema que gera diverg\u00eancias, o assunto provocou um debate entres os presentes durante grande parte da sess\u00e3o ordin\u00e1ria. L\u00edderes religiosos e professores utilizaram o microfone para expressar suas preocupa\u00e7\u00f5es quanto \u00e0 forma como o tema ser\u00e1, na pr\u00e1tica, aplicado. O padre Carmelito Aloisio de Andrade, por exemplo, enviou a Casa um documento solicitando que Ideologia do G\u00eanero, fosse retirado do Plano Municipal de Educa\u00e7\u00e3o, como foi retirado do Plano Nacional.\u00a0<a class=\"cboxElement\" href=\"http:\/\/tribunadeitapetinga.com.br\/media\/2015\/06\/k.jpg\" class=\"gallery_colorbox\"><img loading=\"lazy\" class=\"alignright wp-image-13590 size-thumbnail colorbox-13585\" src=\"http:\/\/tribunadeitapetinga.com.br\/media\/2015\/06\/k-120x120.jpg\"  alt=\"k\" width=\"120\" height=\"120\" data-lazy-loaded=\"true\" \/><\/a><\/h3>\n<h3 style=\"text-align: justify;\">\u00a0Os vereadores tem agora uma dif\u00edcil vota\u00e7\u00e3o para fazer e est\u00e3o preocupados, de um lado, os professores que pressionam com o discurso de que os vereadores devem respeitar os compromissos democr\u00e1ticos. Do outro lado, pastores, padres, os mais conservadores que acreditam no desmanche quase total da fam\u00edlia caso o projeto\u00a0 n\u00e3o seja retirado.<\/h3>\n<h3 style=\"text-align: justify;\">Fonte: Tribuna de Itapetinga<\/h3>\n","protected":false},"excerpt":{"rendered":"<p>A C\u00e2mara de Vereadores de Itapetinga realizou nesta ter\u00e7a-feira (16), uma audi\u00eancia p\u00fablica\u00a0 para debater as metas necess\u00e1rias para a elabora\u00e7\u00e3o do Plano Municipal de Educa\u00e7\u00e3o. O debate sobre o tema foi proposto pelos vereadores Renan Coelho, Amaral J\u00fanior e Neide Pereira. Estiveram presentes os vereadores Eliomar Barreiras, presidente da C\u00e2mara Valdeir Chagas, Marcos Gabrielle, [&hellip;]<\/p>\n","protected":false},"author":2,"featured_media":0,"comment_status":"open","ping_status":"open","sticky":false,"template":"","format":"standard","meta":{"_links_to":"","_links_to_target":""},"categories":[70,13,33,2,7],"tags":[],"_links":{"self":[{"href":"https:\/\/www.blogdotarugao.com.br\/v1\/wp-json\/wp\/v2\/posts\/33846"}],"collection":[{"href":"https:\/\/www.blogdotarugao.com.br\/v1\/wp-json\/wp\/v2\/posts"}],"about":[{"href":"https:\/\/www.blogdotarugao.com.br\/v1\/wp-json\/wp\/v2\/types\/post"}],"author":[{"embeddable":true,"href":"https:\/\/www.blogdotarugao.com.br\/v1\/wp-json\/wp\/v2\/users\/2"}],"replies":[{"embeddable":true,"href":"https:\/\/www.blogdotarugao.com.br\/v1\/wp-json\/wp\/v2\/comments?post=33846"}],"version-history":[{"count":3,"href":"https:\/\/www.blogdotarugao.com.br\/v1\/wp-json\/wp\/v2\/posts\/33846\/revisions"}],"predecessor-version":[{"id":33850,"href":"https:\/\/www.blogdotarugao.com.br\/v1\/wp-json\/wp\/v2\/posts\/33846\/revisions\/33850"}],"wp:attachment":[{"href":"https:\/\/www.blogdotarugao.com.br\/v1\/wp-json\/wp\/v2\/media?parent=33846"}],"wp:term":[{"taxonomy":"category","embeddable":true,"href":"https:\/\/www.blogdotarugao.com.br\/v1\/wp-json\/wp\/v2\/categories?post=33846"},{"taxonomy":"post_tag","embeddable":true,"href":"https:\/\/www.blogdotarugao.com.br\/v1\/wp-json\/wp\/v2\/tags?post=33846"}],"curies":[{"name":"wp","href":"https:\/\/api.w.org\/{rel}","templated":true}]}}