{"id":36086,"date":"2015-07-12T23:18:50","date_gmt":"2015-07-13T02:18:50","guid":{"rendered":"http:\/\/www.blogdotarugao.com.br\/v1\/?p=36086"},"modified":"2015-07-12T23:18:50","modified_gmt":"2015-07-13T02:18:50","slug":"joao-durval-sofre-fratura-no-femur-e-e-internado-em-salvador","status":"publish","type":"post","link":"https:\/\/www.blogdotarugao.com.br\/v1\/2015\/07\/12\/joao-durval-sofre-fratura-no-femur-e-e-internado-em-salvador\/","title":{"rendered":"Jo\u00e3o Durval sofre fratura no f\u00eamur e \u00e9 internado em Salvador"},"content":{"rendered":"<h3 style=\"text-align: justify;\"><a href=\"http:\/\/www.blogdotarugao.com.br\/v1\/wp-content\/uploads\/2015\/07\/jo\u00e3o-durval.jpg\" class=\"gallery_colorbox\"><img loading=\"lazy\" class=\"alignleft  wp-image-36087\" src=\"http:\/\/www.blogdotarugao.com.br\/v1\/wp-content\/uploads\/2015\/07\/jo\u00e3o-durval.jpg\"  alt=\"jo\u00e3o-durval\" width=\"580\" height=\"393\" srcset=\"https:\/\/www.blogdotarugao.com.br\/v1\/wp-content\/uploads\/2015\/07\/jo\u00e3o-durval.jpg 412w, https:\/\/www.blogdotarugao.com.br\/v1\/wp-content\/uploads\/2015\/07\/jo\u00e3o-durval-300x203.jpg 300w\" sizes=\"(max-width: 580px) 100vw, 580px\" \/><\/a><\/h3>\n<h3 style=\"text-align: justify;\"><\/h3>\n<h3 style=\"text-align: justify;\"><\/h3>\n<h3 style=\"text-align: justify;\"><\/h3>\n<h3 style=\"text-align: justify;\"><\/h3>\n<h3 style=\"text-align: justify;\"><\/h3>\n<h3 style=\"text-align: justify;\"><\/h3>\n<h3 style=\"text-align: justify;\"><\/h3>\n<h3 style=\"text-align: justify;\"><\/h3>\n<h3 style=\"text-align: justify;\"><\/h3>\n<h3 style=\"text-align: justify;\">O ex-senador e ex-governador da Bahia Jo\u00e3o Durval Carneiro, 86 anos, foi internado neste domingo (12), no Hospital da Bahia, em Salvador, com uma fratura no f\u00eamur. Segundo informa\u00e7\u00f5es prestadas pela unidade de sa\u00fade ao <strong>G1<\/strong>, o pol\u00edtico sofreu uma queda, mas o estado de sa\u00fade dele n\u00e3o \u00e9 considerado grave.<\/h3>\n<h3 style=\"text-align: justify;\">Ainda de acordo com informa\u00e7\u00f5es do hospital, o paciente deve ser submetido a uma cirurgia na segunda-feira (13), quando um boletim m\u00e9dico deve ser divulgado pela unidade de sa\u00fade.<\/h3>\n<h3 style=\"text-align: justify;\">Um dos filhos do pol\u00edtico, S\u00e9rgio Carneiro, ex-deputado federal e atual secret\u00e1rio de Rela\u00e7\u00f5es Institucionais da cidade de Feira de Santana, cidade a cerca de 100 km de Salvador, informou que o pai sofreu a queda em casa e a cirurgia deve ser realizada durante a manh\u00e3 da segunda-feira. Jo\u00e3o Durval tamb\u00e9m \u00e9 pai do ex-prefeito de Salvador Jo\u00e3o Henrique Carneiro.<\/h3>\n<h3 style=\"text-align: justify;\">O pol\u00edtico exerceu mandatos no Senado Federal entre os anos de 2007 e 2015. Foi governador do estado da Bahia entre 1983 e 1987.<\/h3>\n","protected":false},"excerpt":{"rendered":"<p>O ex-senador e ex-governador da Bahia Jo\u00e3o Durval Carneiro, 86 anos, foi internado neste domingo (12), no Hospital da Bahia, em Salvador, com uma fratura no f\u00eamur. Segundo informa\u00e7\u00f5es prestadas pela unidade de sa\u00fade ao G1, o pol\u00edtico sofreu uma queda, mas o estado de sa\u00fade dele n\u00e3o \u00e9 considerado grave. Ainda de acordo com [&hellip;]<\/p>\n","protected":false},"author":2,"featured_media":0,"comment_status":"open","ping_status":"open","sticky":false,"template":"","format":"standard","meta":{"_links_to":"","_links_to_target":""},"categories":[37,6],"tags":[],"_links":{"self":[{"href":"https:\/\/www.blogdotarugao.com.br\/v1\/wp-json\/wp\/v2\/posts\/36086"}],"collection":[{"href":"https:\/\/www.blogdotarugao.com.br\/v1\/wp-json\/wp\/v2\/posts"}],"about":[{"href":"https:\/\/www.blogdotarugao.com.br\/v1\/wp-json\/wp\/v2\/types\/post"}],"author":[{"embeddable":true,"href":"https:\/\/www.blogdotarugao.com.br\/v1\/wp-json\/wp\/v2\/users\/2"}],"replies":[{"embeddable":true,"href":"https:\/\/www.blogdotarugao.com.br\/v1\/wp-json\/wp\/v2\/comments?post=36086"}],"version-history":[{"count":1,"href":"https:\/\/www.blogdotarugao.com.br\/v1\/wp-json\/wp\/v2\/posts\/36086\/revisions"}],"predecessor-version":[{"id":36088,"href":"https:\/\/www.blogdotarugao.com.br\/v1\/wp-json\/wp\/v2\/posts\/36086\/revisions\/36088"}],"wp:attachment":[{"href":"https:\/\/www.blogdotarugao.com.br\/v1\/wp-json\/wp\/v2\/media?parent=36086"}],"wp:term":[{"taxonomy":"category","embeddable":true,"href":"https:\/\/www.blogdotarugao.com.br\/v1\/wp-json\/wp\/v2\/categories?post=36086"},{"taxonomy":"post_tag","embeddable":true,"href":"https:\/\/www.blogdotarugao.com.br\/v1\/wp-json\/wp\/v2\/tags?post=36086"}],"curies":[{"name":"wp","href":"https:\/\/api.w.org\/{rel}","templated":true}]}}