{"id":3654,"date":"2014-02-05T20:38:07","date_gmt":"2014-02-05T23:38:07","guid":{"rendered":"http:\/\/www.blogdotarugao.com.br\/v1\/?p=3654"},"modified":"2014-02-05T20:38:07","modified_gmt":"2014-02-05T23:38:07","slug":"souto-queria-a-certeza-de-que-sua-candidatura-era-viavel-diz-aleluia","status":"publish","type":"post","link":"https:\/\/www.blogdotarugao.com.br\/v1\/2014\/02\/05\/souto-queria-a-certeza-de-que-sua-candidatura-era-viavel-diz-aleluia\/","title":{"rendered":"Souto queria a certeza de que sua candidatura era vi\u00e1vel, diz Aleluia"},"content":{"rendered":"<div id=\"cke_pastebin\">Ao perceber a viabilidade de sua candidatura ao governo do Estado, Paulo Souto (DEM) cumpriu sua promessa e no dia 31 de janeiro- prazo estipulado por ele &#8211; disse ao prefeito de Salvador, ACM Neto, que toparia disputar a elei\u00e7\u00e3o deste ano.\n<\/div>\n<div id=\"cke_pastebin\">De l\u00e1 pra c\u00e1, nada mudou, segundo o secret\u00e1rio de Transporte, Jos\u00e9 Carlos Aleluia. &#8220;Antes ele n\u00e3o sabia. No dia 31 ele disse que aceitava&#8221; assinalou ao\u00a0<strong>Boc\u00e3o News<\/strong>.\u00a0<input title=\"Foto: Gilberto J\u00fanior \/\/ Boc\u00e3o News\" type=\"image\" alt=\"\" src=\"http:\/\/www.bocaonews.com.br\/ckfinder\/userfiles\/fotos_e_imagens\/POLITICA\/reinauguracao_plano_inclinado_comercio_ft-gilbertoJr-bocaonews_050214%20(71).JPG\" \/>\n<\/div>\n<div id=\"cke_pastebin\">Aleluia atribuiu a demora na decis\u00e3o de Souto \u00e0 necessidade do colega de partido de ter a garantia de uma candidatura vi\u00e1vel. &#8220;As pesquisas mostram que ele est\u00e1 bem \u00e0 frente de todos os outros candidatos, inclusive na minha frente&#8221;, observou Aleluia, que, embora ainda diga que tamb\u00e9m quer disputar o governo, vai de fato tentar vaga na C\u00e2mara Federal.<\/div>\n<div id=\"cke_pastebin\"><\/div>\n<div id=\"cke_pastebin\">Outro preocupa\u00e7\u00e3o de Souto diz respeito a quest\u00e3o financeira. Segundo fontes, ele queria a confirma\u00e7\u00e3o de que haveria bons financiadores para sua campanha.<\/div>\n<div id=\"cke_pastebin\"><\/div>\n<div id=\"cke_pastebin\">Sobre as declara\u00e7\u00f5es de M\u00e1rio Kertesz, de que Geddel \u00e9 o candidato da oposi\u00e7\u00e3o, Aleluia evitou polemizar. &#8220;Pergunte a ele&#8221;.<\/div>\n","protected":false},"excerpt":{"rendered":"<p>Ao perceber a viabilidade de sua candidatura ao governo do Estado, Paulo Souto (DEM) cumpriu sua promessa e no dia 31 de janeiro- prazo estipulado por ele &#8211; disse ao prefeito de Salvador, ACM Neto, que toparia disputar a elei\u00e7\u00e3o deste ano. De l\u00e1 pra c\u00e1, nada mudou, segundo o secret\u00e1rio de Transporte, Jos\u00e9 Carlos [&hellip;]<\/p>\n","protected":false},"author":2,"featured_media":0,"comment_status":"open","ping_status":"open","sticky":false,"template":"","format":"standard","meta":{"_links_to":"","_links_to_target":""},"categories":[7],"tags":[],"_links":{"self":[{"href":"https:\/\/www.blogdotarugao.com.br\/v1\/wp-json\/wp\/v2\/posts\/3654"}],"collection":[{"href":"https:\/\/www.blogdotarugao.com.br\/v1\/wp-json\/wp\/v2\/posts"}],"about":[{"href":"https:\/\/www.blogdotarugao.com.br\/v1\/wp-json\/wp\/v2\/types\/post"}],"author":[{"embeddable":true,"href":"https:\/\/www.blogdotarugao.com.br\/v1\/wp-json\/wp\/v2\/users\/2"}],"replies":[{"embeddable":true,"href":"https:\/\/www.blogdotarugao.com.br\/v1\/wp-json\/wp\/v2\/comments?post=3654"}],"version-history":[{"count":1,"href":"https:\/\/www.blogdotarugao.com.br\/v1\/wp-json\/wp\/v2\/posts\/3654\/revisions"}],"predecessor-version":[{"id":3655,"href":"https:\/\/www.blogdotarugao.com.br\/v1\/wp-json\/wp\/v2\/posts\/3654\/revisions\/3655"}],"wp:attachment":[{"href":"https:\/\/www.blogdotarugao.com.br\/v1\/wp-json\/wp\/v2\/media?parent=3654"}],"wp:term":[{"taxonomy":"category","embeddable":true,"href":"https:\/\/www.blogdotarugao.com.br\/v1\/wp-json\/wp\/v2\/categories?post=3654"},{"taxonomy":"post_tag","embeddable":true,"href":"https:\/\/www.blogdotarugao.com.br\/v1\/wp-json\/wp\/v2\/tags?post=3654"}],"curies":[{"name":"wp","href":"https:\/\/api.w.org\/{rel}","templated":true}]}}