{"id":37222,"date":"2015-07-27T06:26:13","date_gmt":"2015-07-27T09:26:13","guid":{"rendered":"http:\/\/www.blogdotarugao.com.br\/v1\/?p=37222"},"modified":"2015-07-26T09:31:48","modified_gmt":"2015-07-26T12:31:48","slug":"cunha-descarta-renuncia-mesmo-se-for-denunciado","status":"publish","type":"post","link":"https:\/\/www.blogdotarugao.com.br\/v1\/2015\/07\/27\/cunha-descarta-renuncia-mesmo-se-for-denunciado\/","title":{"rendered":"Cunha descarta ren\u00fancia, mesmo se for denunciado"},"content":{"rendered":"<h3 style=\"text-align: justify;\"><a href=\"http:\/\/www.blogdotarugao.com.br\/v1\/wp-content\/uploads\/2015\/07\/eduardo-cunha.jpg\" class=\"gallery_colorbox\"><img loading=\"lazy\" class=\"alignleft  wp-image-36715\" src=\"http:\/\/www.blogdotarugao.com.br\/v1\/wp-content\/uploads\/2015\/07\/eduardo-cunha.jpg\"  alt=\"eduardo cunha\" width=\"580\" height=\"326\" srcset=\"https:\/\/www.blogdotarugao.com.br\/v1\/wp-content\/uploads\/2015\/07\/eduardo-cunha.jpg 932w, https:\/\/www.blogdotarugao.com.br\/v1\/wp-content\/uploads\/2015\/07\/eduardo-cunha-300x169.jpg 300w\" sizes=\"(max-width: 580px) 100vw, 580px\" \/><\/a>Na mira da Procuradoria\u00ad Geral da Rep\u00fablica, o presidente da C\u00e2mara, Eduardo Cunha (PMDB-\u00adRJ), descartou nesta sexta (24) se afastar do comando da\u00a0 Casa caso seja denunciado por envolvimento na Opera\u00e7\u00e3o Lava Jato.<\/h3>\n<h3 style=\"text-align: justify;\">O consultor da Toyo Setal e delator, J\u00falio Camargo, disse na semana passada ao juiz federal Sergio Moro que Cunha pediu propina de US$ 5 milh\u00f5es em um Camargo, por sua vez, tamb\u00e9m fez a acusa\u00e7\u00e3o \u00e0 PGR, comandada por Rodrigo<br \/>\nJanot, que deve denunciar Cunha ao STF (Supremo Tribunal Federal) no pr\u00f3ximo m\u00eas.<\/h3>\n<h3 style=\"text-align: justify;\">&#8220;A eventual den\u00fancia, se ocorrer, ter\u00e1 de ser apreciada pelo plen\u00e1rio do STF. N\u00e3o cogito qualquer afastamento&#8221;, afirmou Cunha \u00e0 Folha. O caso que envolve o peemedebista precisa ser analisado pelos 11 ministros da Corte, j\u00e1 que ele ocupa a presid\u00eancia da C\u00e2mara.<\/h3>\n<p><!--more--><\/p>\n<h3 style=\"text-align: justify;\">O Planalto espera que a den\u00fancia enfraque\u00e7a a gest\u00e3o de Cunha. Desde que foi eleito para o cargo, em fevereiro, ele tem travado duros embates e imposto derrotas importantes ao governo federal.<\/h3>\n<h3 style=\"text-align: justify;\">O peemedebista ironiza a aposta do governo em sua sa\u00edda. &#8220;Se o Planalto tivesse for\u00e7a para fazer algu\u00e9m, o presidente teria sido Arlindo Chinaglia e n\u00e3o eu.&#8221;\u00a0 Chinaglia (PT\u00adSP) era o candidato patrocinado pelo governo e foi derrotado por Cunha na disputa pelo comando da C\u00e2mara.<\/h3>\n<h3 style=\"text-align: justify;\">Nesta sexta, a bancada do PMDB, comandada pelo aliado de Cunha Leonardo Picciani (RJ), divulgou nota para dizer que n\u00e3o aceitar\u00e1 especula\u00e7\u00f5es &#8220;que visem a enfraquecer a autoridade institucional&#8221; do presidente da Casa.<\/h3>\n","protected":false},"excerpt":{"rendered":"<p>Na mira da Procuradoria\u00ad Geral da Rep\u00fablica, o presidente da C\u00e2mara, Eduardo Cunha (PMDB-\u00adRJ), descartou nesta sexta (24) se afastar do comando da\u00a0 Casa caso seja denunciado por envolvimento na Opera\u00e7\u00e3o Lava Jato. O consultor da Toyo Setal e delator, J\u00falio Camargo, disse na semana passada ao juiz federal Sergio Moro que Cunha pediu propina [&hellip;]<\/p>\n","protected":false},"author":2,"featured_media":0,"comment_status":"open","ping_status":"open","sticky":false,"template":"","format":"standard","meta":{"_links_to":"","_links_to_target":""},"categories":[70,1,7],"tags":[],"_links":{"self":[{"href":"https:\/\/www.blogdotarugao.com.br\/v1\/wp-json\/wp\/v2\/posts\/37222"}],"collection":[{"href":"https:\/\/www.blogdotarugao.com.br\/v1\/wp-json\/wp\/v2\/posts"}],"about":[{"href":"https:\/\/www.blogdotarugao.com.br\/v1\/wp-json\/wp\/v2\/types\/post"}],"author":[{"embeddable":true,"href":"https:\/\/www.blogdotarugao.com.br\/v1\/wp-json\/wp\/v2\/users\/2"}],"replies":[{"embeddable":true,"href":"https:\/\/www.blogdotarugao.com.br\/v1\/wp-json\/wp\/v2\/comments?post=37222"}],"version-history":[{"count":1,"href":"https:\/\/www.blogdotarugao.com.br\/v1\/wp-json\/wp\/v2\/posts\/37222\/revisions"}],"predecessor-version":[{"id":37223,"href":"https:\/\/www.blogdotarugao.com.br\/v1\/wp-json\/wp\/v2\/posts\/37222\/revisions\/37223"}],"wp:attachment":[{"href":"https:\/\/www.blogdotarugao.com.br\/v1\/wp-json\/wp\/v2\/media?parent=37222"}],"wp:term":[{"taxonomy":"category","embeddable":true,"href":"https:\/\/www.blogdotarugao.com.br\/v1\/wp-json\/wp\/v2\/categories?post=37222"},{"taxonomy":"post_tag","embeddable":true,"href":"https:\/\/www.blogdotarugao.com.br\/v1\/wp-json\/wp\/v2\/tags?post=37222"}],"curies":[{"name":"wp","href":"https:\/\/api.w.org\/{rel}","templated":true}]}}