{"id":37261,"date":"2015-07-26T19:22:44","date_gmt":"2015-07-26T22:22:44","guid":{"rendered":"http:\/\/www.blogdotarugao.com.br\/v1\/?p=37261"},"modified":"2015-07-26T19:22:44","modified_gmt":"2015-07-26T22:22:44","slug":"morte-de-mototaxista-gera-revolta-e-suspeito-tem-casa-cercada-na-bahia","status":"publish","type":"post","link":"https:\/\/www.blogdotarugao.com.br\/v1\/2015\/07\/26\/morte-de-mototaxista-gera-revolta-e-suspeito-tem-casa-cercada-na-bahia\/","title":{"rendered":"Morte de mototaxista gera revolta e suspeito tem casa cercada na Bahia"},"content":{"rendered":"<h3 style=\"text-align: justify;\"><a href=\"http:\/\/www.blogdotarugao.com.br\/v1\/wp-content\/uploads\/2015\/07\/cana.jpg\" class=\"gallery_colorbox\"><img loading=\"lazy\" class=\"alignleft  wp-image-37262\" src=\"http:\/\/www.blogdotarugao.com.br\/v1\/wp-content\/uploads\/2015\/07\/cana.jpg\"  alt=\"cana\" width=\"580\" height=\"435\" srcset=\"https:\/\/www.blogdotarugao.com.br\/v1\/wp-content\/uploads\/2015\/07\/cana.jpg 620w, https:\/\/www.blogdotarugao.com.br\/v1\/wp-content\/uploads\/2015\/07\/cana-300x225.jpg 300w\" sizes=\"(max-width: 580px) 100vw, 580px\" \/><\/a><\/h3>\n<h3 style=\"text-align: justify;\">A morte de um mototaxista tem gerado uma s\u00e9rie de protestos em Canavieiras, extremo-sul da Bahia, desde a manh\u00e3 deste domingo (26). Segundo o delegado F\u00e1bio Sim\u00f5es, de Ilh\u00e9us, que atua no caso, a popula\u00e7\u00e3o se revoltou depois da morte, com requintes de crueldade, do profissional. A Pol\u00edcia Militar pediu refor\u00e7o para conter a manifesta\u00e7\u00e3o. No fim da tarde, um \u00f4nibus foi queimado perto do terminal rodovi\u00e1rio.<\/h3>\n<h3 class=\"foto componente_materia midia-largura-300\" style=\"text-align: justify;\">Dois adolescentes s\u00e3o suspeitos do crime. Moradores cercaram a casa onde um deles tentou se esconder, na tentativa de linch\u00e1-lo. A pol\u00edcia conseguiu apreend\u00ea-lo e ele foi levado para a delegacia de Ilh\u00e9us.<\/h3>\n<h3 style=\"text-align: justify;\"><a href=\"http:\/\/www.blogdotarugao.com.br\/v1\/wp-content\/uploads\/2015\/07\/cana1.jpg\" class=\"gallery_colorbox\"><img loading=\"lazy\" class=\"alignleft  wp-image-37263\" src=\"http:\/\/www.blogdotarugao.com.br\/v1\/wp-content\/uploads\/2015\/07\/cana1.jpg\"  alt=\"cana1\" width=\"580\" height=\"435\" srcset=\"https:\/\/www.blogdotarugao.com.br\/v1\/wp-content\/uploads\/2015\/07\/cana1.jpg 620w, https:\/\/www.blogdotarugao.com.br\/v1\/wp-content\/uploads\/2015\/07\/cana1-300x225.jpg 300w\" sizes=\"(max-width: 580px) 100vw, 580px\" \/><\/a><\/h3>\n<h3 style=\"text-align: justify;\">Outro adolescente, que tem 15 anos, j[\u00e1 tinha sido apreendido pela Pol\u00edcia Militar e narrou o crime em depoimento \u00e0 Pol\u00edcia Civil. Segundo a pol\u00edcia, o mototaxista saiu para atender a uma corrida e, ao chegar no local pedido, teve motocicleta roubada e foi assassinado brutalmente.<\/h3>\n<h3 style=\"text-align: justify;\">&#8220;Foi um crime que chocou a popula\u00e7\u00e3o. Ele disse que, em companhia do outro, chamaram o mototaxista, apontaram a arma, roubaram a moto e levaram o mototaxista para o manguezal. L\u00e1, amarraram ele nos galhos do manguezal e deu tiro por tr\u00e1s, na cabe\u00e7a da v\u00edtima. Depois, os dois pegaram a moto e foram at\u00e9 um mercadinho fazer assalto, que era o objetivo deles. Um ficou na moto, com ela funcionando, e outro cometeu o assalto. Eles deixaram a moto tr\u00eas ruas ap\u00f3s o mercadinho. Segundo ele, os dois conclu\u00edram que o mototaxista poderia passar informa\u00e7\u00e3o para policiais, que ele era &#8216;caguete'&#8221;, narrou ao <strong>G1 <\/strong>o delegado Sim\u00f5es.<\/h3>\n<h3 style=\"text-align: justify;\">O delegado disse que os autos foram encaminhados ao Minist\u00e9rio P\u00fablico da Bahia (MP-BA) e que a Promotoria representou \u00e0 Justi\u00e7a com o pedido de interna\u00e7\u00e3o do menor<\/h3>\n","protected":false},"excerpt":{"rendered":"<p>A morte de um mototaxista tem gerado uma s\u00e9rie de protestos em Canavieiras, extremo-sul da Bahia, desde a manh\u00e3 deste domingo (26). Segundo o delegado F\u00e1bio Sim\u00f5es, de Ilh\u00e9us, que atua no caso, a popula\u00e7\u00e3o se revoltou depois da morte, com requintes de crueldade, do profissional. A Pol\u00edcia Militar pediu refor\u00e7o para conter a manifesta\u00e7\u00e3o. [&hellip;]<\/p>\n","protected":false},"author":2,"featured_media":0,"comment_status":"open","ping_status":"open","sticky":false,"template":"","format":"standard","meta":{"_links_to":"","_links_to_target":""},"categories":[37,5,6],"tags":[],"_links":{"self":[{"href":"https:\/\/www.blogdotarugao.com.br\/v1\/wp-json\/wp\/v2\/posts\/37261"}],"collection":[{"href":"https:\/\/www.blogdotarugao.com.br\/v1\/wp-json\/wp\/v2\/posts"}],"about":[{"href":"https:\/\/www.blogdotarugao.com.br\/v1\/wp-json\/wp\/v2\/types\/post"}],"author":[{"embeddable":true,"href":"https:\/\/www.blogdotarugao.com.br\/v1\/wp-json\/wp\/v2\/users\/2"}],"replies":[{"embeddable":true,"href":"https:\/\/www.blogdotarugao.com.br\/v1\/wp-json\/wp\/v2\/comments?post=37261"}],"version-history":[{"count":1,"href":"https:\/\/www.blogdotarugao.com.br\/v1\/wp-json\/wp\/v2\/posts\/37261\/revisions"}],"predecessor-version":[{"id":37264,"href":"https:\/\/www.blogdotarugao.com.br\/v1\/wp-json\/wp\/v2\/posts\/37261\/revisions\/37264"}],"wp:attachment":[{"href":"https:\/\/www.blogdotarugao.com.br\/v1\/wp-json\/wp\/v2\/media?parent=37261"}],"wp:term":[{"taxonomy":"category","embeddable":true,"href":"https:\/\/www.blogdotarugao.com.br\/v1\/wp-json\/wp\/v2\/categories?post=37261"},{"taxonomy":"post_tag","embeddable":true,"href":"https:\/\/www.blogdotarugao.com.br\/v1\/wp-json\/wp\/v2\/tags?post=37261"}],"curies":[{"name":"wp","href":"https:\/\/api.w.org\/{rel}","templated":true}]}}