{"id":37399,"date":"2015-07-28T12:56:36","date_gmt":"2015-07-28T15:56:36","guid":{"rendered":"http:\/\/www.blogdotarugao.com.br\/v1\/?p=37399"},"modified":"2015-07-28T12:56:36","modified_gmt":"2015-07-28T15:56:36","slug":"aecio-convocara-populacao-para-manifestacoes-em-radio-e-tv","status":"publish","type":"post","link":"https:\/\/www.blogdotarugao.com.br\/v1\/2015\/07\/28\/aecio-convocara-populacao-para-manifestacoes-em-radio-e-tv\/","title":{"rendered":"A\u00e9cio convocar\u00e1 popula\u00e7\u00e3o para manifesta\u00e7\u00f5es em r\u00e1dio e TV"},"content":{"rendered":"<h3 style=\"text-align: justify;\"><a href=\"http:\/\/www.blogdotarugao.com.br\/v1\/wp-content\/uploads\/2015\/07\/a\u00e9cio.jpg\" class=\"gallery_colorbox\"><img loading=\"lazy\" class=\"alignleft  wp-image-37411\" src=\"http:\/\/www.blogdotarugao.com.br\/v1\/wp-content\/uploads\/2015\/07\/a\u00e9cio.jpg\"  alt=\"a\u00e9cio\" width=\"581\" height=\"428\" srcset=\"https:\/\/www.blogdotarugao.com.br\/v1\/wp-content\/uploads\/2015\/07\/a\u00e9cio.jpg 380w, https:\/\/www.blogdotarugao.com.br\/v1\/wp-content\/uploads\/2015\/07\/a\u00e9cio-300x221.jpg 300w\" sizes=\"(max-width: 581px) 100vw, 581px\" \/><\/a>O senador A\u00e9cio Neves (PSDB) afirmou nesta segunda-feira (27) que seu partido convocar\u00e1 a popula\u00e7\u00e3o, por meio de inser\u00e7\u00f5es em r\u00e1dio e TV, para participar das manifesta\u00e7\u00f5es contra o governo marcadas para o dia 16 de agosto.<\/h3>\n<h3 style=\"text-align: justify;\">\u201cAqueles que estiverem indignados ou at\u00e9 mesmo arrependidos, mas, principalmente, cansados, devem sim se movimentar, ir \u00e0s ruas\u201d, disse. Segundo informa\u00e7\u00f5es do jornal Folha de S. Paulo, as inser\u00e7\u00f5es come\u00e7am j\u00e1 nesta semana. Na primeira etapa, aparecer\u00e3o lideran\u00e7as do PSDB como o ex-presidente da Rep\u00fablica, Fernando Henrique Cardoso; o governador de S\u00e3o Paulo, Geraldo Alckmin; e o senador Jos\u00e9 Serra.<\/h3>\n<h3 style=\"text-align: justify;\">Ainda de acordo com Folha, apesar da movimenta\u00e7\u00e3o em torno da defini\u00e7\u00e3o de poss\u00edveis candidaturas \u00e0 Presid\u00eancia, a ideia \u00e9 mostrar um partido unido. \u201cNosso esfor\u00e7o nessa relargada ser\u00e1 mostrar uma grande sintonia entre as principais lideran\u00e7as do PSDB. Temos que estar sintonizados com as ruas e com a popula\u00e7\u00e3o cada vez mais indignada com o que est\u00e1 acontecendo\u201d, disse A\u00e9cio, para acrescentar: \u201cSomos hoje porta-vozes do sentimento de indigna\u00e7\u00e3o, do sentimento de frustra\u00e7\u00e3o da sociedade brasileira e at\u00e9 de decep\u00e7\u00e3o de eleitores do pr\u00f3prio PT. Nossa alian\u00e7a tem que ser com a sociedade\u201d, pontua.<\/h3>\n","protected":false},"excerpt":{"rendered":"<p>O senador A\u00e9cio Neves (PSDB) afirmou nesta segunda-feira (27) que seu partido convocar\u00e1 a popula\u00e7\u00e3o, por meio de inser\u00e7\u00f5es em r\u00e1dio e TV, para participar das manifesta\u00e7\u00f5es contra o governo marcadas para o dia 16 de agosto. \u201cAqueles que estiverem indignados ou at\u00e9 mesmo arrependidos, mas, principalmente, cansados, devem sim se movimentar, ir \u00e0s ruas\u201d, [&hellip;]<\/p>\n","protected":false},"author":2,"featured_media":0,"comment_status":"open","ping_status":"open","sticky":false,"template":"","format":"standard","meta":{"_links_to":"","_links_to_target":""},"categories":[21,70,1,7],"tags":[],"_links":{"self":[{"href":"https:\/\/www.blogdotarugao.com.br\/v1\/wp-json\/wp\/v2\/posts\/37399"}],"collection":[{"href":"https:\/\/www.blogdotarugao.com.br\/v1\/wp-json\/wp\/v2\/posts"}],"about":[{"href":"https:\/\/www.blogdotarugao.com.br\/v1\/wp-json\/wp\/v2\/types\/post"}],"author":[{"embeddable":true,"href":"https:\/\/www.blogdotarugao.com.br\/v1\/wp-json\/wp\/v2\/users\/2"}],"replies":[{"embeddable":true,"href":"https:\/\/www.blogdotarugao.com.br\/v1\/wp-json\/wp\/v2\/comments?post=37399"}],"version-history":[{"count":2,"href":"https:\/\/www.blogdotarugao.com.br\/v1\/wp-json\/wp\/v2\/posts\/37399\/revisions"}],"predecessor-version":[{"id":37412,"href":"https:\/\/www.blogdotarugao.com.br\/v1\/wp-json\/wp\/v2\/posts\/37399\/revisions\/37412"}],"wp:attachment":[{"href":"https:\/\/www.blogdotarugao.com.br\/v1\/wp-json\/wp\/v2\/media?parent=37399"}],"wp:term":[{"taxonomy":"category","embeddable":true,"href":"https:\/\/www.blogdotarugao.com.br\/v1\/wp-json\/wp\/v2\/categories?post=37399"},{"taxonomy":"post_tag","embeddable":true,"href":"https:\/\/www.blogdotarugao.com.br\/v1\/wp-json\/wp\/v2\/tags?post=37399"}],"curies":[{"name":"wp","href":"https:\/\/api.w.org\/{rel}","templated":true}]}}