{"id":37599,"date":"2015-07-30T00:07:28","date_gmt":"2015-07-30T03:07:28","guid":{"rendered":"http:\/\/www.blogdotarugao.com.br\/v1\/?p=37599"},"modified":"2015-07-30T00:14:41","modified_gmt":"2015-07-30T03:14:41","slug":"37599","status":"publish","type":"post","link":"https:\/\/www.blogdotarugao.com.br\/v1\/2015\/07\/30\/37599\/","title":{"rendered":"Sem bra\u00e7os e pernas, homem faz publica\u00e7\u00e3o emocionante ao saber que ser\u00e1 pai"},"content":{"rendered":"<div>\n<h2 class=\"bodytext\" style=\"text-align: justify;\"><img loading=\"lazy\" class=\"alignleft  wp-image-37602\" src=\"http:\/\/www.blogdotarugao.com.br\/v1\/wp-content\/uploads\/2015\/07\/semb2.jpg\" alt=\"semb2\" width=\"580\" height=\"373\" srcset=\"https:\/\/www.blogdotarugao.com.br\/v1\/wp-content\/uploads\/2015\/07\/semb2.jpg 620w, https:\/\/www.blogdotarugao.com.br\/v1\/wp-content\/uploads\/2015\/07\/semb2-300x193.jpg 300w\" sizes=\"(max-width: 580px) 100vw, 580px\" \/>Este ser\u00e1 o segundo filho do palestrante motivacional de 32 anos, Nick Vujicic<\/h2>\n<h2 class=\"bodytext\" style=\"text-align: justify;\">O palestrante motivacional, Nicholas James Vujicic, que ficou famoso ao falar sobre a pr\u00f3pria vida e as dificuldades de se viver sem os bra\u00e7os e as pernas, fez uma publica\u00e7\u00e3o emocionada no Facebook, nesta quarta-feira (29).<\/h2>\n<\/div>\n<div>\n<h2 class=\"bodytext\" style=\"text-align: justify;\">A postagem comemorava a segunda gravidez da sua esposa Kanae. &#8220;Compartilhando com todos voc\u00eas a alegria da nossa fam\u00edlia com a empolga\u00e7\u00e3o e antecipa\u00e7\u00e3o da chegada de Dejan&#8221;, escreveu Nick.<\/h2>\n<\/div>\n<div>\n<h2 class=\"bodytext\" style=\"text-align: justify;\">Ele tamb\u00e9m postou diversas fotos da fam\u00edlia durante um ensaio fotogr\u00e1fico na praia. O casal j\u00e1 tem outro filho que, assim como a m\u00e3e, possui todos os membros.<\/h2>\n<h2 class=\"bodytext\" style=\"text-align: justify;\">Nicholas Vujicic \u00e9 diretor de uma organiza\u00e7\u00e3o para pessoas com defici\u00eancias f\u00edsicas e viaja todo o mundo com suas palestras de motiva\u00e7\u00e3o.<\/h2>\n<\/div>\n<div>\n<table class=\"middle\" summary=\"\">\n<thead>\n<tr>\n<th scope=\"col\">\n<p class=\"bodytext\"><a href=\"http:\/\/www.blogdotarugao.com.br\/v1\/wp-content\/uploads\/2015\/07\/semb1.jpg\" class=\"gallery_colorbox\"><img loading=\"lazy\" class=\"alignleft  wp-image-37601\" src=\"http:\/\/www.blogdotarugao.com.br\/v1\/wp-content\/uploads\/2015\/07\/semb1.jpg\"  alt=\"semb1\" width=\"581\" height=\"374\" srcset=\"https:\/\/www.blogdotarugao.com.br\/v1\/wp-content\/uploads\/2015\/07\/semb1.jpg 620w, https:\/\/www.blogdotarugao.com.br\/v1\/wp-content\/uploads\/2015\/07\/semb1-300x193.jpg 300w\" sizes=\"(max-width: 581px) 100vw, 581px\" \/><\/a><\/p>\n<\/th>\n<\/tr>\n<\/thead>\n<tbody>\n<tr>\n<td>\n<p class=\"bodytext\">(Foto: Reprodu\u00e7\u00e3o\/Facebook)<\/p>\n<\/td>\n<\/tr>\n<\/tbody>\n<\/table>\n<\/div>\n<table class=\"middle\" summary=\"\">\n<thead>\n<tr>\n<th scope=\"col\">\n<p class=\"bodytext\"><a href=\"http:\/\/www.blogdotarugao.com.br\/v1\/wp-content\/uploads\/2015\/07\/sem-b.jpg\" class=\"gallery_colorbox\"><img loading=\"lazy\" class=\"alignleft  wp-image-37600\" src=\"http:\/\/www.blogdotarugao.com.br\/v1\/wp-content\/uploads\/2015\/07\/sem-b.jpg\"  alt=\"sem b\" width=\"580\" height=\"373\" srcset=\"https:\/\/www.blogdotarugao.com.br\/v1\/wp-content\/uploads\/2015\/07\/sem-b.jpg 620w, https:\/\/www.blogdotarugao.com.br\/v1\/wp-content\/uploads\/2015\/07\/sem-b-300x193.jpg 300w\" sizes=\"(max-width: 580px) 100vw, 580px\" \/><\/a><\/p>\n<\/th>\n<\/tr>\n<\/thead>\n<tbody>\n<tr>\n<td>\n<p class=\"bodytext\">(Foto: Reprodu\u00e7\u00e3o\/Facebook)<\/p>\n<\/td>\n<\/tr>\n<\/tbody>\n<\/table>\n","protected":false},"excerpt":{"rendered":"<p>Este ser\u00e1 o segundo filho do palestrante motivacional de 32 anos, Nick Vujicic O palestrante motivacional, Nicholas James Vujicic, que ficou famoso ao falar sobre a pr\u00f3pria vida e as dificuldades de se viver sem os bra\u00e7os e as pernas, fez uma publica\u00e7\u00e3o emocionada no Facebook, nesta quarta-feira (29). A postagem comemorava a segunda gravidez [&hellip;]<\/p>\n","protected":false},"author":2,"featured_media":0,"comment_status":"open","ping_status":"open","sticky":false,"template":"","format":"standard","meta":{"_links_to":"","_links_to_target":""},"categories":[70,1,75],"tags":[],"_links":{"self":[{"href":"https:\/\/www.blogdotarugao.com.br\/v1\/wp-json\/wp\/v2\/posts\/37599"}],"collection":[{"href":"https:\/\/www.blogdotarugao.com.br\/v1\/wp-json\/wp\/v2\/posts"}],"about":[{"href":"https:\/\/www.blogdotarugao.com.br\/v1\/wp-json\/wp\/v2\/types\/post"}],"author":[{"embeddable":true,"href":"https:\/\/www.blogdotarugao.com.br\/v1\/wp-json\/wp\/v2\/users\/2"}],"replies":[{"embeddable":true,"href":"https:\/\/www.blogdotarugao.com.br\/v1\/wp-json\/wp\/v2\/comments?post=37599"}],"version-history":[{"count":3,"href":"https:\/\/www.blogdotarugao.com.br\/v1\/wp-json\/wp\/v2\/posts\/37599\/revisions"}],"predecessor-version":[{"id":37605,"href":"https:\/\/www.blogdotarugao.com.br\/v1\/wp-json\/wp\/v2\/posts\/37599\/revisions\/37605"}],"wp:attachment":[{"href":"https:\/\/www.blogdotarugao.com.br\/v1\/wp-json\/wp\/v2\/media?parent=37599"}],"wp:term":[{"taxonomy":"category","embeddable":true,"href":"https:\/\/www.blogdotarugao.com.br\/v1\/wp-json\/wp\/v2\/categories?post=37599"},{"taxonomy":"post_tag","embeddable":true,"href":"https:\/\/www.blogdotarugao.com.br\/v1\/wp-json\/wp\/v2\/tags?post=37599"}],"curies":[{"name":"wp","href":"https:\/\/api.w.org\/{rel}","templated":true}]}}