{"id":38100,"date":"2015-08-04T22:34:17","date_gmt":"2015-08-05T01:34:17","guid":{"rendered":"http:\/\/www.blogdotarugao.com.br\/v1\/?p=38100"},"modified":"2015-08-04T22:34:17","modified_gmt":"2015-08-05T01:34:17","slug":"jovem-baiano-de-20-anos-e-morto-por-tiro-em-genebra-na-suica","status":"publish","type":"post","link":"https:\/\/www.blogdotarugao.com.br\/v1\/2015\/08\/04\/jovem-baiano-de-20-anos-e-morto-por-tiro-em-genebra-na-suica\/","title":{"rendered":"Jovem baiano de 20 anos \u00e9 morto por tiro em Genebra, na Su\u00ed\u00e7a"},"content":{"rendered":"<h3 style=\"text-align: justify;\"><a href=\"http:\/\/www.blogdotarugao.com.br\/v1\/wp-content\/uploads\/2015\/08\/thom-genebra.jpg\" class=\"gallery_colorbox\"><img loading=\"lazy\" class=\"alignleft  wp-image-38101\" src=\"http:\/\/www.blogdotarugao.com.br\/v1\/wp-content\/uploads\/2015\/08\/thom-genebra.jpg\"  alt=\"thom-genebra\" width=\"580\" height=\"435\" srcset=\"https:\/\/www.blogdotarugao.com.br\/v1\/wp-content\/uploads\/2015\/08\/thom-genebra.jpg 620w, https:\/\/www.blogdotarugao.com.br\/v1\/wp-content\/uploads\/2015\/08\/thom-genebra-300x225.jpg 300w\" sizes=\"(max-width: 580px) 100vw, 580px\" \/><\/a><\/h3>\n<h3 style=\"text-align: justify;\">Um baiano de 20 anos, morador de Itabuna, no sul do estado, foi morto em <span class=\"premium-tip\">Genebra<\/span>, na Su\u00ed\u00e7a, v\u00edtima de arma de fogo. O crime aconteceu no \u00faltimo domingo (2).<\/h3>\n<h3 style=\"text-align: justify;\">N\u00e3o h\u00e1 detalhes sobre o enterro dele. O corpo da v\u00edtima ainda n\u00e3o havia sido liberado nesta ter\u00e7a-feira (4).<\/h3>\n<h3 style=\"text-align: justify;\">De acordo com uma tia do jovem, que mora em <a class=\"premium-tip\" href=\"http:\/\/g1.globo.com\/ba\/bahia\/cidade\/itabuna.html\">Itabuna<\/a>, ele estava em uma casa com os amigos quando foi atingido. Segundo ela, um amigo de inf\u00e2ncia do jovem \u00e9 suspeito de ter atirado no rapaz. A pol\u00edcia investiga se o disparo foi acidental. O suspeito foi preso.<\/h3>\n<h3 style=\"text-align: justify;\">A m\u00e3e da v\u00edtima n\u00e3o quis dar mais detalhes da situa\u00e7\u00e3o, mas contou que o filho morou cerca de 18 anos em Genebra com ela, contudo decidiu voltar para o Brasil para estudar Arquitetura.O jovem era o \u00fanico filho dela.<\/h3>\n<h3 style=\"text-align: justify;\">O <strong>G1<\/strong> procurou o Itamaraty, que disse n\u00e3o ter detalhes do caso, mas informou que poder\u00e1 acompanhar as investiga\u00e7\u00f5es feitas pela pol\u00edcia de Genebra, caso seja solicitado pela fam\u00edlia.<\/h3>\n","protected":false},"excerpt":{"rendered":"<p>Um baiano de 20 anos, morador de Itabuna, no sul do estado, foi morto em Genebra, na Su\u00ed\u00e7a, v\u00edtima de arma de fogo. O crime aconteceu no \u00faltimo domingo (2). N\u00e3o h\u00e1 detalhes sobre o enterro dele. O corpo da v\u00edtima ainda n\u00e3o havia sido liberado nesta ter\u00e7a-feira (4). De acordo com uma tia do [&hellip;]<\/p>\n","protected":false},"author":2,"featured_media":0,"comment_status":"open","ping_status":"open","sticky":false,"template":"","format":"standard","meta":{"_links_to":"","_links_to_target":""},"categories":[37,5,6],"tags":[],"_links":{"self":[{"href":"https:\/\/www.blogdotarugao.com.br\/v1\/wp-json\/wp\/v2\/posts\/38100"}],"collection":[{"href":"https:\/\/www.blogdotarugao.com.br\/v1\/wp-json\/wp\/v2\/posts"}],"about":[{"href":"https:\/\/www.blogdotarugao.com.br\/v1\/wp-json\/wp\/v2\/types\/post"}],"author":[{"embeddable":true,"href":"https:\/\/www.blogdotarugao.com.br\/v1\/wp-json\/wp\/v2\/users\/2"}],"replies":[{"embeddable":true,"href":"https:\/\/www.blogdotarugao.com.br\/v1\/wp-json\/wp\/v2\/comments?post=38100"}],"version-history":[{"count":1,"href":"https:\/\/www.blogdotarugao.com.br\/v1\/wp-json\/wp\/v2\/posts\/38100\/revisions"}],"predecessor-version":[{"id":38102,"href":"https:\/\/www.blogdotarugao.com.br\/v1\/wp-json\/wp\/v2\/posts\/38100\/revisions\/38102"}],"wp:attachment":[{"href":"https:\/\/www.blogdotarugao.com.br\/v1\/wp-json\/wp\/v2\/media?parent=38100"}],"wp:term":[{"taxonomy":"category","embeddable":true,"href":"https:\/\/www.blogdotarugao.com.br\/v1\/wp-json\/wp\/v2\/categories?post=38100"},{"taxonomy":"post_tag","embeddable":true,"href":"https:\/\/www.blogdotarugao.com.br\/v1\/wp-json\/wp\/v2\/tags?post=38100"}],"curies":[{"name":"wp","href":"https:\/\/api.w.org\/{rel}","templated":true}]}}