{"id":38355,"date":"2015-08-07T20:09:32","date_gmt":"2015-08-07T23:09:32","guid":{"rendered":"http:\/\/www.blogdotarugao.com.br\/v1\/?p=38355"},"modified":"2015-08-07T20:09:32","modified_gmt":"2015-08-07T23:09:32","slug":"radialista-assassinado-em-estudio-denunciou-em-junho-que-havia-sofrido-ameaca-de-morte","status":"publish","type":"post","link":"https:\/\/www.blogdotarugao.com.br\/v1\/2015\/08\/07\/radialista-assassinado-em-estudio-denunciou-em-junho-que-havia-sofrido-ameaca-de-morte\/","title":{"rendered":"Radialista assassinado em est\u00fadio denunciou em junho que havia sofrido amea\u00e7a de morte"},"content":{"rendered":"<h3><a href=\"http:\/\/www.blogdotarugao.com.br\/v1\/wp-content\/uploads\/2015\/08\/gleydson-carvalho-na-radio.jpg\" class=\"gallery_colorbox\"><img loading=\"lazy\" class=\"alignleft  wp-image-38356\" src=\"http:\/\/www.blogdotarugao.com.br\/v1\/wp-content\/uploads\/2015\/08\/gleydson-carvalho-na-radio.jpg\"  alt=\"gleydson-carvalho-na-radio\" width=\"580\" height=\"435\" srcset=\"https:\/\/www.blogdotarugao.com.br\/v1\/wp-content\/uploads\/2015\/08\/gleydson-carvalho-na-radio.jpg 960w, https:\/\/www.blogdotarugao.com.br\/v1\/wp-content\/uploads\/2015\/08\/gleydson-carvalho-na-radio-300x225.jpg 300w\" sizes=\"(max-width: 580px) 100vw, 580px\" \/><\/a>O radialista Gleydson Carvalho, assassinado em\u00a0est\u00fadio de r\u00e1dio nesta quinta-feira (6), em Camocim, a 347 km de Fortaleza, j\u00e1 estava sob risco de vida nos \u00faltimos meses. O <strong>Tribuna do Cear\u00e1\u00a0<\/strong>teve acesso a um \u00e1udio de programa dele que foi ao ar em junho, em que o profissional denunciava uma suposta amea\u00e7a de morte recebida.<\/h3>\n<h3>No trecho de 4 minutos, Gleydson\u00a0esbraveja\u00a0que o blogueiro\u00a0Felipe Marden\u00a0teria feito\u00a0amea\u00e7a de morte via rede social. Al\u00e9m disso, cobra\u00a0que ele teria de prestar depoimento na Delegacia Regional por fazer apologia ao crime.<\/h3>\n<h3 style=\"text-align: justify;\">Em contato com o major Arturnane Aguiar, comandante da regi\u00e3o, a grava\u00e7\u00e3o do \u00e1udio n\u00e3o \u00e9 atual, e seria\u00a0do dia 10 de junho de 2015. <strong>Felipe Marden possui\u00a0dois blogs<\/strong> e teria comentado sobre a morte recente de um radialista no Cear\u00e1, avisando que outro profissional seria morto.\u00a0Gleydson teria entendido que o coment\u00e1rio se tratava dele. Por isso, no dia 10 de junho, o radialista respondeu ao blogueiro. Depois, no dia 12 de junho, o blogueiro respondeu de volta e a desaven\u00e7a prosseguiu.<\/h3>\n<h3 style=\"text-align: justify;\">Ainda de acordo com o major, ap\u00f3s o crime, <strong>Felipe foi levado \u00e0 delegacia para prestar depoimento<\/strong>, sendo solto depois. Atualmente, ele est\u00e1 sendo investigado. Entretanto, o radialista tamb\u00e9m tinha desaven\u00e7as com outras pessoas.<\/h3>\n<h3 style=\"text-align: justify;\">A Prefeitura de Camocim teve acesso ao \u00e1udio, mas preferiu n\u00e3o comentar o assunto. Em nota, lamentou a morte do radialista, chamando-o de eterno amig\u00e3o. Al\u00e9m disso, ressaltou a necessidade de puni\u00e7\u00e3o aos respons\u00e1veis por meio das autoridades locais.<\/h3>\n","protected":false},"excerpt":{"rendered":"<p>O radialista Gleydson Carvalho, assassinado em\u00a0est\u00fadio de r\u00e1dio nesta quinta-feira (6), em Camocim, a 347 km de Fortaleza, j\u00e1 estava sob risco de vida nos \u00faltimos meses. O Tribuna do Cear\u00e1\u00a0teve acesso a um \u00e1udio de programa dele que foi ao ar em junho, em que o profissional denunciava uma suposta amea\u00e7a de morte recebida. [&hellip;]<\/p>\n","protected":false},"author":2,"featured_media":0,"comment_status":"open","ping_status":"open","sticky":false,"template":"","format":"standard","meta":{"_links_to":"","_links_to_target":""},"categories":[37,5],"tags":[],"_links":{"self":[{"href":"https:\/\/www.blogdotarugao.com.br\/v1\/wp-json\/wp\/v2\/posts\/38355"}],"collection":[{"href":"https:\/\/www.blogdotarugao.com.br\/v1\/wp-json\/wp\/v2\/posts"}],"about":[{"href":"https:\/\/www.blogdotarugao.com.br\/v1\/wp-json\/wp\/v2\/types\/post"}],"author":[{"embeddable":true,"href":"https:\/\/www.blogdotarugao.com.br\/v1\/wp-json\/wp\/v2\/users\/2"}],"replies":[{"embeddable":true,"href":"https:\/\/www.blogdotarugao.com.br\/v1\/wp-json\/wp\/v2\/comments?post=38355"}],"version-history":[{"count":1,"href":"https:\/\/www.blogdotarugao.com.br\/v1\/wp-json\/wp\/v2\/posts\/38355\/revisions"}],"predecessor-version":[{"id":38357,"href":"https:\/\/www.blogdotarugao.com.br\/v1\/wp-json\/wp\/v2\/posts\/38355\/revisions\/38357"}],"wp:attachment":[{"href":"https:\/\/www.blogdotarugao.com.br\/v1\/wp-json\/wp\/v2\/media?parent=38355"}],"wp:term":[{"taxonomy":"category","embeddable":true,"href":"https:\/\/www.blogdotarugao.com.br\/v1\/wp-json\/wp\/v2\/categories?post=38355"},{"taxonomy":"post_tag","embeddable":true,"href":"https:\/\/www.blogdotarugao.com.br\/v1\/wp-json\/wp\/v2\/tags?post=38355"}],"curies":[{"name":"wp","href":"https:\/\/api.w.org\/{rel}","templated":true}]}}