{"id":3914,"date":"2014-02-10T12:09:23","date_gmt":"2014-02-10T15:09:23","guid":{"rendered":"http:\/\/www.blogdotarugao.com.br\/v1\/?p=3914"},"modified":"2014-02-10T12:09:23","modified_gmt":"2014-02-10T15:09:23","slug":"mpt-define-fim-de-repasses-a-cuba","status":"publish","type":"post","link":"https:\/\/www.blogdotarugao.com.br\/v1\/2014\/02\/10\/mpt-define-fim-de-repasses-a-cuba\/","title":{"rendered":"MPT define fim de repasses a Cuba"},"content":{"rendered":"<p><img alt=\"\" src=\"https:\/\/encrypted-tbn0.gstatic.com\/images?q=tbn:ANd9GcQvit1SQ6cl4NdygCnHdYxBBjOiKTkSmY_szacTlRCD58wEWlFu\" \/><\/p>\n<p>O Minist\u00e9rio P\u00fablico do Trabalho (MPT) quer que os sal\u00e1rios dos cubanos que trabalham no programa Mais M\u00e9dicos sejam pagos pelo Brasil diretamente aos profissionais e que seja interrompida a pr\u00e1tica de repassar parte do dinheiro ao governo de Cuba. Com o esquema que est\u00e1 atualmente em vigor, os cubanos s\u00f3 v\u00e3o receber todo o dinheiro quando voltarem ao seu pa\u00eds, e isso o MPT n\u00e3o aceita. &#8220;O Brasil tem de pagar diretamente os profissionais cubanos&#8221;, defendeu o procurador Sebasti\u00e3o Caixeta.\u00a0O \u00f3rg\u00e3o tamb\u00e9m quer que os cubanos recebam sal\u00e1rios semelhantes aos de profissionais de outras nacionalidades que est\u00e3o no Mais M\u00e9dicos. &#8220;Caso n\u00e3o haja nenhuma altera\u00e7\u00e3o na rela\u00e7\u00e3o, entraremos com a\u00e7\u00e3o judicial contra o governo&#8221;, afirmou Caixeta. H\u00e1 queixas de que os cubanos estariam recebendo menos do que os demais m\u00e9dicos atuantes no programa.\u00a0Segundo o procurador, o governo federal tem sustentado que n\u00e3o haveria um v\u00ednculo do Brasil com os m\u00e9dicos cubanos, mas um arranjo de direito internacional, o que n\u00e3o exigiria a aplica\u00e7\u00e3o da legisla\u00e7\u00e3o trabalhista brasileira. &#8220;O MP, contudo, n\u00e3o v\u00ea as coisas assim.&#8221;\u00a0O MPT deve concluir ainda neste m\u00eas um inqu\u00e9rito sobre a situa\u00e7\u00e3o dos cubanos que trabalham no Mais M\u00e9dicos. Segundo Caixeta, o Brasil tem desrespeitado tanto a Constitui\u00e7\u00e3o brasileira, no que diz direito \u00e0 garantia de igualdade de direitos, quanto acordos internacionais.<\/p>\n","protected":false},"excerpt":{"rendered":"<p>O Minist\u00e9rio P\u00fablico do Trabalho (MPT) quer que os sal\u00e1rios dos cubanos que trabalham no programa Mais M\u00e9dicos sejam pagos pelo Brasil diretamente aos profissionais e que seja interrompida a pr\u00e1tica de repassar parte do dinheiro ao governo de Cuba. Com o esquema que est\u00e1 atualmente em vigor, os cubanos s\u00f3 v\u00e3o receber todo o [&hellip;]<\/p>\n","protected":false},"author":2,"featured_media":0,"comment_status":"open","ping_status":"open","sticky":false,"template":"","format":"standard","meta":{"_links_to":"","_links_to_target":""},"categories":[1,12],"tags":[],"_links":{"self":[{"href":"https:\/\/www.blogdotarugao.com.br\/v1\/wp-json\/wp\/v2\/posts\/3914"}],"collection":[{"href":"https:\/\/www.blogdotarugao.com.br\/v1\/wp-json\/wp\/v2\/posts"}],"about":[{"href":"https:\/\/www.blogdotarugao.com.br\/v1\/wp-json\/wp\/v2\/types\/post"}],"author":[{"embeddable":true,"href":"https:\/\/www.blogdotarugao.com.br\/v1\/wp-json\/wp\/v2\/users\/2"}],"replies":[{"embeddable":true,"href":"https:\/\/www.blogdotarugao.com.br\/v1\/wp-json\/wp\/v2\/comments?post=3914"}],"version-history":[{"count":1,"href":"https:\/\/www.blogdotarugao.com.br\/v1\/wp-json\/wp\/v2\/posts\/3914\/revisions"}],"predecessor-version":[{"id":3915,"href":"https:\/\/www.blogdotarugao.com.br\/v1\/wp-json\/wp\/v2\/posts\/3914\/revisions\/3915"}],"wp:attachment":[{"href":"https:\/\/www.blogdotarugao.com.br\/v1\/wp-json\/wp\/v2\/media?parent=3914"}],"wp:term":[{"taxonomy":"category","embeddable":true,"href":"https:\/\/www.blogdotarugao.com.br\/v1\/wp-json\/wp\/v2\/categories?post=3914"},{"taxonomy":"post_tag","embeddable":true,"href":"https:\/\/www.blogdotarugao.com.br\/v1\/wp-json\/wp\/v2\/tags?post=3914"}],"curies":[{"name":"wp","href":"https:\/\/api.w.org\/{rel}","templated":true}]}}