{"id":39352,"date":"2015-08-20T14:53:47","date_gmt":"2015-08-20T17:53:47","guid":{"rendered":"http:\/\/www.blogdotarugao.com.br\/v1\/?p=39352"},"modified":"2015-08-20T15:06:44","modified_gmt":"2015-08-20T18:06:44","slug":"prefeitura-de-cidade-baiana-abre-concurso-salarios-chegam-a-r-4-500-mil","status":"publish","type":"post","link":"https:\/\/www.blogdotarugao.com.br\/v1\/2015\/08\/20\/prefeitura-de-cidade-baiana-abre-concurso-salarios-chegam-a-r-4-500-mil\/","title":{"rendered":"Prefeitura abre concurso; sal\u00e1rios chegam a R$ 4.500 mil"},"content":{"rendered":"<h3 class=\"bodytext\" style=\"text-align: justify;\"><img loading=\"lazy\" class=\"alignleft  wp-image-39353\" src=\"http:\/\/www.blogdotarugao.com.br\/v1\/wp-content\/uploads\/2015\/08\/Prefeitura-Municipal-de-Teixeira-de-Freitas.jpg\" alt=\"Prefeitura-Municipal-de-Teixeira-de-Freitas\" width=\"582\" height=\"438\" srcset=\"https:\/\/www.blogdotarugao.com.br\/v1\/wp-content\/uploads\/2015\/08\/Prefeitura-Municipal-de-Teixeira-de-Freitas.jpg 500w, https:\/\/www.blogdotarugao.com.br\/v1\/wp-content\/uploads\/2015\/08\/Prefeitura-Municipal-de-Teixeira-de-Freitas-300x225.jpg 300w\" sizes=\"(max-width: 582px) 100vw, 582px\" \/>A Prefeitura de Teixeira de Freitas, a 800 km de Salvador, abriu sele\u00e7\u00e3o para 22 vagas tempor\u00e1rias distribu\u00eddas em cargos de n\u00edveis alfabetizado, fundamental, m\u00e9dio, m\u00e9dio\/t\u00e9cnico e superior. As oportunidades s\u00e3o para auxiliar de servi\u00e7os gerais, motorista, t\u00e9cnico auxiliar de regula\u00e7\u00e3o m\u00e9dica, t\u00e9cnico em enfermagem, enfermeiro do Samu e advogado do Creas.<\/h3>\n<h3 class=\"bodytext\" style=\"text-align: justify;\">Os sal\u00e1rios variam de R$837,09 a R$4.500, para carga hor\u00e1ria de 30 ou 40 horas semanais. A dura\u00e7\u00e3o do contrato ser\u00e1 de dois anos, e a h\u00e1 a possibilidade de prorroga\u00e7\u00e3o, caso seja necess\u00e1rio. O prazo de validade do concurso tamb\u00e9m ser\u00e1 de dois anos, podendo ser prorrogado uma vez por igual per\u00edodo, permitindo mais convoca\u00e7\u00f5es al\u00e9m do n\u00famero inicial de vagas.<\/h3>\n<h3 style=\"text-align: justify;\">As inscri\u00e7\u00f5es devem ser realizadas no <b><a class=\"external-link-new-window\" title=\"Opens external link in new window\" href=\"http:\/\/www.ibeg.org.br\/\" target=\"_blank\">site <\/a><\/b>do Instituto Brasileiro de Educa\u00e7\u00e3o e Gest\u00e3o (Ibeg), organizador, at\u00e9 o dia 13 de setembro. A taxa custa R$40 para os cargos de auxiliar de servi\u00e7os gerais, motorista e t\u00e9cnico em enfermagem; R$45 para t\u00e9cnico auxiliar de regula\u00e7\u00e3o m\u00e9dica; e R$100 para enfermeiro e advogado. Inscritos no Cad\u00danico e membros de fam\u00edlias de baixa renda podem solicitar a isen\u00e7\u00e3o do pagamento, no ato da inscri\u00e7\u00e3o, anexando os documentos comprobat\u00f3rios, at\u00e9 o dia 17 de agosto. O resultado ser\u00e1 divulgado no dia 1\u00b0 de setembro.<\/h3>\n<h3 style=\"text-align: justify;\"><span id=\"more-59676\"><\/span><!--more--><br \/>\nTodos os candidatos v\u00e3o passar pela primeira etapa de provas objetivas em 1\u00b0 de novembro, no hor\u00e1rio de 14h \u00e0s 17h. As avalia\u00e7\u00f5es ter\u00e3o quest\u00f5es conte\u00fados de L\u00edngua Portuguesa e Conhecimentos Espec\u00edficos \u00e0 cada cargo, distribu\u00eddos em 20 quest\u00f5es.<\/h3>\n<h3 style=\"text-align: justify;\">O resultado definitivo das provas ser\u00e1 divulgado no dia 27 de novembro. Para os aprovados haver\u00e1 ainda etapa de avalia\u00e7\u00e3o de t\u00edtulos e experi\u00eancia profissional. N\u00e3o h\u00e1 data prevista para o resultado final. Com informa\u00e7\u00f5es da Folha Dirigida.<\/h3>\n","protected":false},"excerpt":{"rendered":"<p>A Prefeitura de Teixeira de Freitas, a 800 km de Salvador, abriu sele\u00e7\u00e3o para 22 vagas tempor\u00e1rias distribu\u00eddas em cargos de n\u00edveis alfabetizado, fundamental, m\u00e9dio, m\u00e9dio\/t\u00e9cnico e superior. As oportunidades s\u00e3o para auxiliar de servi\u00e7os gerais, motorista, t\u00e9cnico auxiliar de regula\u00e7\u00e3o m\u00e9dica, t\u00e9cnico em enfermagem, enfermeiro do Samu e advogado do Creas. Os sal\u00e1rios variam [&hellip;]<\/p>\n","protected":false},"author":2,"featured_media":0,"comment_status":"open","ping_status":"open","sticky":false,"template":"","format":"standard","meta":{"_links_to":"","_links_to_target":""},"categories":[20,70,1,36],"tags":[],"_links":{"self":[{"href":"https:\/\/www.blogdotarugao.com.br\/v1\/wp-json\/wp\/v2\/posts\/39352"}],"collection":[{"href":"https:\/\/www.blogdotarugao.com.br\/v1\/wp-json\/wp\/v2\/posts"}],"about":[{"href":"https:\/\/www.blogdotarugao.com.br\/v1\/wp-json\/wp\/v2\/types\/post"}],"author":[{"embeddable":true,"href":"https:\/\/www.blogdotarugao.com.br\/v1\/wp-json\/wp\/v2\/users\/2"}],"replies":[{"embeddable":true,"href":"https:\/\/www.blogdotarugao.com.br\/v1\/wp-json\/wp\/v2\/comments?post=39352"}],"version-history":[{"count":2,"href":"https:\/\/www.blogdotarugao.com.br\/v1\/wp-json\/wp\/v2\/posts\/39352\/revisions"}],"predecessor-version":[{"id":39355,"href":"https:\/\/www.blogdotarugao.com.br\/v1\/wp-json\/wp\/v2\/posts\/39352\/revisions\/39355"}],"wp:attachment":[{"href":"https:\/\/www.blogdotarugao.com.br\/v1\/wp-json\/wp\/v2\/media?parent=39352"}],"wp:term":[{"taxonomy":"category","embeddable":true,"href":"https:\/\/www.blogdotarugao.com.br\/v1\/wp-json\/wp\/v2\/categories?post=39352"},{"taxonomy":"post_tag","embeddable":true,"href":"https:\/\/www.blogdotarugao.com.br\/v1\/wp-json\/wp\/v2\/tags?post=39352"}],"curies":[{"name":"wp","href":"https:\/\/api.w.org\/{rel}","templated":true}]}}