{"id":39362,"date":"2015-08-20T17:55:33","date_gmt":"2015-08-20T20:55:33","guid":{"rendered":"http:\/\/www.blogdotarugao.com.br\/v1\/?p=39362"},"modified":"2015-08-20T17:55:33","modified_gmt":"2015-08-20T20:55:33","slug":"pastor-e-morto-em-carro-enquanto-espera-por-filho-para-ir-a-oficina-na-ba","status":"publish","type":"post","link":"https:\/\/www.blogdotarugao.com.br\/v1\/2015\/08\/20\/pastor-e-morto-em-carro-enquanto-espera-por-filho-para-ir-a-oficina-na-ba\/","title":{"rendered":"Pastor \u00e9 morto em carro enquanto espera por filho para ir \u00e0 oficina na BA"},"content":{"rendered":"<h3 style=\"text-align: justify;\"><img loading=\"lazy\" class=\"alignleft  wp-image-39363\" src=\"http:\/\/www.blogdotarugao.com.br\/v1\/wp-content\/uploads\/2015\/08\/pr.jpg\" alt=\"pr\" width=\"580\" height=\"435\" srcset=\"https:\/\/www.blogdotarugao.com.br\/v1\/wp-content\/uploads\/2015\/08\/pr.jpg 620w, https:\/\/www.blogdotarugao.com.br\/v1\/wp-content\/uploads\/2015\/08\/pr-300x225.jpg 300w\" sizes=\"(max-width: 580px) 100vw, 580px\" \/><\/h3>\n<h3 style=\"text-align: justify;\">Um pastor de 41 anos foi morto na manh\u00e3 desta quinta-feira (20), na cidade de Riach\u00e3o do Jacu\u00edpe, a 200 quil\u00f4metros de Salvador. De acordo com a pol\u00edcia, nenhum pertence da v\u00edtima foi levado e h\u00e1 suspeita de execu\u00e7\u00e3o.<\/h3>\n<h3 style=\"text-align: justify;\">&#8220;Ele [a v\u00edtima] saiu de casa dizendo que ia em uma oficina. Ent\u00e3o ele passou na casa de um dos filhos que ia acompanh\u00e1-lo e, ao ficar no carro esperando o rapaz, dois homens se aproximaram em uma moto e dispararam contra ele&#8221;, disse o delegado S\u00e9rgio Ara\u00fajo Vasconcelos.<\/h3>\n<h3 style=\"text-align: justify;\">Segundo o delegado, a v\u00edtima atuava como pastor na cidade e aparentemente n\u00e3o tinha rixas, nem envolvimento com o crime. Contudo, o pastor respondia em liberdade por latroc\u00ednio, que foi cometido em Petrolina, de onde v\u00edtima era natural. A pol\u00edcia informou que o homem morava em Riach\u00e3o do Jacu\u00edpe h\u00e1 mais de 10 anos.<\/h3>\n<h3 style=\"text-align: justify;\">Vasconcelos infomou que o filho que esperava a v\u00edtima para ir na oficina ser\u00e1 ouvido ainda nesta quinta. O corpo foi encaminhado para o Instituto M\u00e9dico Legal (IML) de Feira de Santana.<\/h3>\n","protected":false},"excerpt":{"rendered":"<p>Um pastor de 41 anos foi morto na manh\u00e3 desta quinta-feira (20), na cidade de Riach\u00e3o do Jacu\u00edpe, a 200 quil\u00f4metros de Salvador. De acordo com a pol\u00edcia, nenhum pertence da v\u00edtima foi levado e h\u00e1 suspeita de execu\u00e7\u00e3o. &#8220;Ele [a v\u00edtima] saiu de casa dizendo que ia em uma oficina. Ent\u00e3o ele passou na [&hellip;]<\/p>\n","protected":false},"author":2,"featured_media":0,"comment_status":"open","ping_status":"open","sticky":false,"template":"","format":"standard","meta":{"_links_to":"","_links_to_target":""},"categories":[37,5,6],"tags":[],"_links":{"self":[{"href":"https:\/\/www.blogdotarugao.com.br\/v1\/wp-json\/wp\/v2\/posts\/39362"}],"collection":[{"href":"https:\/\/www.blogdotarugao.com.br\/v1\/wp-json\/wp\/v2\/posts"}],"about":[{"href":"https:\/\/www.blogdotarugao.com.br\/v1\/wp-json\/wp\/v2\/types\/post"}],"author":[{"embeddable":true,"href":"https:\/\/www.blogdotarugao.com.br\/v1\/wp-json\/wp\/v2\/users\/2"}],"replies":[{"embeddable":true,"href":"https:\/\/www.blogdotarugao.com.br\/v1\/wp-json\/wp\/v2\/comments?post=39362"}],"version-history":[{"count":1,"href":"https:\/\/www.blogdotarugao.com.br\/v1\/wp-json\/wp\/v2\/posts\/39362\/revisions"}],"predecessor-version":[{"id":39364,"href":"https:\/\/www.blogdotarugao.com.br\/v1\/wp-json\/wp\/v2\/posts\/39362\/revisions\/39364"}],"wp:attachment":[{"href":"https:\/\/www.blogdotarugao.com.br\/v1\/wp-json\/wp\/v2\/media?parent=39362"}],"wp:term":[{"taxonomy":"category","embeddable":true,"href":"https:\/\/www.blogdotarugao.com.br\/v1\/wp-json\/wp\/v2\/categories?post=39362"},{"taxonomy":"post_tag","embeddable":true,"href":"https:\/\/www.blogdotarugao.com.br\/v1\/wp-json\/wp\/v2\/tags?post=39362"}],"curies":[{"name":"wp","href":"https:\/\/api.w.org\/{rel}","templated":true}]}}