{"id":39663,"date":"2015-08-24T06:12:18","date_gmt":"2015-08-24T09:12:18","guid":{"rendered":"http:\/\/www.blogdotarugao.com.br\/v1\/?p=39663"},"modified":"2015-08-23T19:19:38","modified_gmt":"2015-08-23T22:19:38","slug":"geddel-crava-que-temer-saira-do-governo-e-admite-contato-com-serra-e-aecio","status":"publish","type":"post","link":"https:\/\/www.blogdotarugao.com.br\/v1\/2015\/08\/24\/geddel-crava-que-temer-saira-do-governo-e-admite-contato-com-serra-e-aecio\/","title":{"rendered":"Geddel crava que Temer sair\u00e1 do governo e admite contato com Serra e A\u00e9cio"},"content":{"rendered":"<h3 style=\"text-align: justify;\"><img loading=\"lazy\" class=\"alignleft  wp-image-39664\" src=\"http:\/\/www.blogdotarugao.com.br\/v1\/wp-content\/uploads\/2015\/08\/geddel.jpg\" alt=\"geddel\" width=\"585\" height=\"431\" srcset=\"https:\/\/www.blogdotarugao.com.br\/v1\/wp-content\/uploads\/2015\/08\/geddel.jpg 380w, https:\/\/www.blogdotarugao.com.br\/v1\/wp-content\/uploads\/2015\/08\/geddel-300x221.jpg 300w\" sizes=\"(max-width: 585px) 100vw, 585px\" \/>O presidente estadual do PMDB, Geddel Vieira Lima, cravou que o vice-presidente da Rep\u00fablica, Michel Temer, ir\u00e1 deixar a articula\u00e7\u00e3o do governo de Dilma Rousseff (PT) \u2013 apesar dos apelos da presidente. \u201cJ\u00e1 est\u00e1 definido a sa\u00edda de Temer e isso se dar\u00e1 dentro da maior brevidade\u201d, afirmou o ex-ministro da Integra\u00e7\u00e3o Nacional do governo de Lula ao jornal A Tarde.<\/h3>\n<h3 style=\"text-align: justify;\">De acordo com Geddel, o PMDB ir\u00e1 lan\u00e7ar um candidato pr\u00f3prio \u00e0 presid\u00eancia em 2018 e sugere um rompimento desde j\u00e1, apesar de negar que a sa\u00edda de Temer teria a ver com declara\u00e7\u00f5es de FHC de que Dilma deveria renunciar. Isso porque o baiano admitiu que est\u00e1 em contato com l\u00edderes do PSDB como A\u00e9cio Neves e Jos\u00e9 Serra para discutir a situa\u00e7\u00e3o pol\u00edtica.<\/h3>\n","protected":false},"excerpt":{"rendered":"<p>O presidente estadual do PMDB, Geddel Vieira Lima, cravou que o vice-presidente da Rep\u00fablica, Michel Temer, ir\u00e1 deixar a articula\u00e7\u00e3o do governo de Dilma Rousseff (PT) \u2013 apesar dos apelos da presidente. \u201cJ\u00e1 est\u00e1 definido a sa\u00edda de Temer e isso se dar\u00e1 dentro da maior brevidade\u201d, afirmou o ex-ministro da Integra\u00e7\u00e3o Nacional do governo [&hellip;]<\/p>\n","protected":false},"author":2,"featured_media":0,"comment_status":"open","ping_status":"open","sticky":false,"template":"","format":"standard","meta":{"_links_to":"","_links_to_target":""},"categories":[6,70,1,7],"tags":[],"_links":{"self":[{"href":"https:\/\/www.blogdotarugao.com.br\/v1\/wp-json\/wp\/v2\/posts\/39663"}],"collection":[{"href":"https:\/\/www.blogdotarugao.com.br\/v1\/wp-json\/wp\/v2\/posts"}],"about":[{"href":"https:\/\/www.blogdotarugao.com.br\/v1\/wp-json\/wp\/v2\/types\/post"}],"author":[{"embeddable":true,"href":"https:\/\/www.blogdotarugao.com.br\/v1\/wp-json\/wp\/v2\/users\/2"}],"replies":[{"embeddable":true,"href":"https:\/\/www.blogdotarugao.com.br\/v1\/wp-json\/wp\/v2\/comments?post=39663"}],"version-history":[{"count":1,"href":"https:\/\/www.blogdotarugao.com.br\/v1\/wp-json\/wp\/v2\/posts\/39663\/revisions"}],"predecessor-version":[{"id":39665,"href":"https:\/\/www.blogdotarugao.com.br\/v1\/wp-json\/wp\/v2\/posts\/39663\/revisions\/39665"}],"wp:attachment":[{"href":"https:\/\/www.blogdotarugao.com.br\/v1\/wp-json\/wp\/v2\/media?parent=39663"}],"wp:term":[{"taxonomy":"category","embeddable":true,"href":"https:\/\/www.blogdotarugao.com.br\/v1\/wp-json\/wp\/v2\/categories?post=39663"},{"taxonomy":"post_tag","embeddable":true,"href":"https:\/\/www.blogdotarugao.com.br\/v1\/wp-json\/wp\/v2\/tags?post=39663"}],"curies":[{"name":"wp","href":"https:\/\/api.w.org\/{rel}","templated":true}]}}