{"id":40148,"date":"2015-08-30T15:13:47","date_gmt":"2015-08-30T18:13:47","guid":{"rendered":"http:\/\/www.blogdotarugao.com.br\/v1\/?p=40148"},"modified":"2015-08-30T15:13:47","modified_gmt":"2015-08-30T18:13:47","slug":"veja-as-seis-vacinas-que-adultos-precisam-tomar","status":"publish","type":"post","link":"https:\/\/www.blogdotarugao.com.br\/v1\/2015\/08\/30\/veja-as-seis-vacinas-que-adultos-precisam-tomar\/","title":{"rendered":"Veja as seis vacinas que adultos precisam tomar"},"content":{"rendered":"<h3 style=\"text-align: justify;\"><img loading=\"lazy\" class=\"alignleft  wp-image-40149\" src=\"http:\/\/www.blogdotarugao.com.br\/v1\/wp-content\/uploads\/2015\/08\/vacina\u00e7\u00e3o.jpg\" alt=\"vacina\u00e7\u00e3o\" width=\"585\" height=\"390\" srcset=\"https:\/\/www.blogdotarugao.com.br\/v1\/wp-content\/uploads\/2015\/08\/vacina\u00e7\u00e3o.jpg 640w, https:\/\/www.blogdotarugao.com.br\/v1\/wp-content\/uploads\/2015\/08\/vacina\u00e7\u00e3o-300x200.jpg 300w\" sizes=\"(max-width: 585px) 100vw, 585px\" \/>Seu cart\u00e3o de vacina est\u00e1 em dia?\u00a0 Esta pergunta consegue surpreender muitas pessoas e, na maioria das vezes, a resposta \u00e9 n\u00e3o, seguida, geralmente, de uma express\u00e3o de culpa. Segundo o Minist\u00e9rio da Sa\u00fade, a cobertura vacinal, indispens\u00e1vel na fase adulta, despenca ao passar o calend\u00e1rio de imuniza\u00e7\u00e3o infantil. &#8220;\u00c9 desleixo mesmo. Tenho algumas que sei que preciso tomar, e outras s\u00f3 tomei por conta minha profiss\u00e3o. Mas, as vacinas do meu filho est\u00e3o todas em dia&#8221;, afirma o turism\u00f3logo Maur\u00edcio Andrade, 37. \u00a0A aut\u00f4noma Rosana de Jesus, tamb\u00e9m integra este time. Com 27 anos, a jovem n\u00e3o lembra qual a \u00faltima vacina que tomou, mas sup\u00f5e que tenha sido &#8220;uma da gripe&#8221;. &#8220;Para ser sincera, nem sei por onde anda meu cart\u00e3o de vacina\u00e7\u00e3o. Deve estar em alguma pasta guardado&#8221;. A situa\u00e7\u00e3o \u00e9 comum entre os adultos. Mas, este esquecimento &#8211; leia-se neglig\u00eancia &#8211; pode acarretar em s\u00e9rios problemas. Porque, em todas as fases da vida as pessoas est\u00e3o propensas a contrair infec\u00e7\u00f5es por v\u00edrus e bact\u00e9rias. A necessidade de imunizar o corpo contra doen\u00e7as come\u00e7a bem cedo. Ap\u00f3s o nascimento, o beb\u00ea deve receber a dose de BCG (vacina que protege contra a tuberculose) e hepatite B, e algumas outras ao longo do crescimento. Mas, a medida que se chega a\u00a0 idade adulta, a procura por\u00a0 vacinas\u00a0 diminui e \u00e9 retomada na velhice. &#8220;Acredito que esta seja uma quest\u00e3o cultural. Cuidamos dos nossos filhos, esquecemos de n\u00f3s por um tempo e quando a velhice surge trazendo doen\u00e7as, passamos a nos cuidar novamente&#8221;, avalia a infectologista e diretora do Hospital Couto Maia, Ceuci Nunes.<\/h3>\n<h3 style=\"text-align: justify;\">Cuidados: De acordo com o Minist\u00e9rio da Sa\u00fade (MS), a fase adulta compreende dos 20 aos 59 anos. Durante este per\u00edodo, muitas das vacinas tomadas na inf\u00e2ncia devem ser repetidas. Vacinas contra a hepatite B, dupla bacteriana (difteria e t\u00e9tano), tr\u00edplice viral (sarampo, caxumba, rub\u00e9ola), febre amarela, influenza (gripe) e pneumoccoco s\u00e3o especificamente voltadas para adultos e devem ser ministradas de acordo com o tempo determinado pelo MS.\u00a0 H\u00e1 tamb\u00e9m a vacina episoste, que previne doen\u00e7as da pele, como lupus. A diarista Jutailda Souza, 48, \u00e9 um exemplo a ser seguido.<\/h3>\n<p><!--more--><\/p>\n<h3 style=\"text-align: justify;\">Com o cart\u00e3o de vacina na carteira, ela faz quest\u00e3o de mostrar que est\u00e1 tudo em dia. &#8220;Eu quero ficar viva. Por isso, tomo todas que tiverem&#8221;, argumenta. Para a infectologista Ceuci, as mulheres s\u00e3o mais atentas \u00e0 quest\u00e3o porque costumam ir mais ao m\u00e9dico do que os homens. &#8220;Pelos menos uma vez no ano as mulheres v\u00e3o ao ginecologista, que as orienta, principalmente, sobre a vacina contra HPV, isso de uma forma ou de outra as deixam mais\u00a0 informadas e estimula a buscarem as outras&#8221;, afirma a m\u00e9dica. A falta de informa\u00e7\u00e3o \u00e9 um dos problemas enfrentados pela popula\u00e7\u00e3o, quando o assunto \u00e9 vacina\u00e7\u00e3o.\u00a0 Isso ocorre porque n\u00e3o h\u00e1 campanhas voltadas para os adultos. &#8220;Temos uma cultura muito focada na inf\u00e2ncia, e isso acarreta na aus\u00eancia de campanhas para alertar a popula\u00e7\u00e3o adulta sobre a import\u00e2ncia de manter a vacina\u00e7\u00e3o em dia, e muitas pessoas acabam passando do prazo&#8221;, lamenta Ceuci. De acordo com dados da Secretaria Estadual de Sa\u00fade do Estado da Bahia (Sesab), de janeiro a junho deste ano, apenas 217.709 mil pessoas adultas foram vacinadas em todo o estado. Apesar do n\u00famero baixo, a assessoria de comunica\u00e7\u00e3o da Sesab informou que as vacinas ficam dispon\u00edveis nos postos de sa\u00fade de todos os munic\u00edpios. No entanto n\u00e3o soube informar se em cada posto h\u00e1 todas as vacinas necess\u00e1rias.<\/h3>\n","protected":false},"excerpt":{"rendered":"<p>Seu cart\u00e3o de vacina est\u00e1 em dia?\u00a0 Esta pergunta consegue surpreender muitas pessoas e, na maioria das vezes, a resposta \u00e9 n\u00e3o, seguida, geralmente, de uma express\u00e3o de culpa. Segundo o Minist\u00e9rio da Sa\u00fade, a cobertura vacinal, indispens\u00e1vel na fase adulta, despenca ao passar o calend\u00e1rio de imuniza\u00e7\u00e3o infantil. &#8220;\u00c9 desleixo mesmo. Tenho algumas que [&hellip;]<\/p>\n","protected":false},"author":2,"featured_media":0,"comment_status":"open","ping_status":"open","sticky":false,"template":"","format":"standard","meta":{"_links_to":"","_links_to_target":""},"categories":[70,1,12],"tags":[],"_links":{"self":[{"href":"https:\/\/www.blogdotarugao.com.br\/v1\/wp-json\/wp\/v2\/posts\/40148"}],"collection":[{"href":"https:\/\/www.blogdotarugao.com.br\/v1\/wp-json\/wp\/v2\/posts"}],"about":[{"href":"https:\/\/www.blogdotarugao.com.br\/v1\/wp-json\/wp\/v2\/types\/post"}],"author":[{"embeddable":true,"href":"https:\/\/www.blogdotarugao.com.br\/v1\/wp-json\/wp\/v2\/users\/2"}],"replies":[{"embeddable":true,"href":"https:\/\/www.blogdotarugao.com.br\/v1\/wp-json\/wp\/v2\/comments?post=40148"}],"version-history":[{"count":2,"href":"https:\/\/www.blogdotarugao.com.br\/v1\/wp-json\/wp\/v2\/posts\/40148\/revisions"}],"predecessor-version":[{"id":40165,"href":"https:\/\/www.blogdotarugao.com.br\/v1\/wp-json\/wp\/v2\/posts\/40148\/revisions\/40165"}],"wp:attachment":[{"href":"https:\/\/www.blogdotarugao.com.br\/v1\/wp-json\/wp\/v2\/media?parent=40148"}],"wp:term":[{"taxonomy":"category","embeddable":true,"href":"https:\/\/www.blogdotarugao.com.br\/v1\/wp-json\/wp\/v2\/categories?post=40148"},{"taxonomy":"post_tag","embeddable":true,"href":"https:\/\/www.blogdotarugao.com.br\/v1\/wp-json\/wp\/v2\/tags?post=40148"}],"curies":[{"name":"wp","href":"https:\/\/api.w.org\/{rel}","templated":true}]}}