{"id":40172,"date":"2015-08-30T17:06:54","date_gmt":"2015-08-30T20:06:54","guid":{"rendered":"http:\/\/www.blogdotarugao.com.br\/v1\/?p=40172"},"modified":"2015-08-30T17:06:54","modified_gmt":"2015-08-30T20:06:54","slug":"jovem-de-25-anos-morre-carbonizado-apos-colisao-entre-carro-e-caminhao","status":"publish","type":"post","link":"https:\/\/www.blogdotarugao.com.br\/v1\/2015\/08\/30\/jovem-de-25-anos-morre-carbonizado-apos-colisao-entre-carro-e-caminhao\/","title":{"rendered":"Jovem de 25 anos morre carbonizado ap\u00f3s colis\u00e3o entre carro e caminh\u00e3o"},"content":{"rendered":"<p><img loading=\"lazy\" class=\"alignleft  wp-image-40173\" src=\"http:\/\/www.blogdotarugao.com.br\/v1\/wp-content\/uploads\/2015\/08\/colisao_2.jpg\" alt=\"colisao_2\" width=\"580\" height=\"435\" srcset=\"https:\/\/www.blogdotarugao.com.br\/v1\/wp-content\/uploads\/2015\/08\/colisao_2.jpg 620w, https:\/\/www.blogdotarugao.com.br\/v1\/wp-content\/uploads\/2015\/08\/colisao_2-300x225.jpg 300w\" sizes=\"(max-width: 580px) 100vw, 580px\" \/><\/p>\n<p>Um jovem de 25 anos morreu carbonizado ap\u00f3s carro que dirigia colidir com com um caminh\u00e3o ba\u00fa, na manh\u00e3 deste domingo (30), na BR 116 Norte, na cidade de Feira de Santana, a 100 quil\u00f4metros de Salvador.<\/p>\n<p>Segundo informa\u00e7\u00f5es da pol\u00edcia, o condutor teria tentado entrar na Estrada da Matinha quando sofreu o acidente. O caminh\u00e3o ba\u00fa transportava uma mudan\u00e7a.<\/p>\n<p><img loading=\"lazy\" class=\"alignleft  wp-image-40174\" src=\"http:\/\/www.blogdotarugao.com.br\/v1\/wp-content\/uploads\/2015\/08\/acidente.jpg\" alt=\"acidente\" width=\"581\" height=\"436\" srcset=\"https:\/\/www.blogdotarugao.com.br\/v1\/wp-content\/uploads\/2015\/08\/acidente.jpg 620w, https:\/\/www.blogdotarugao.com.br\/v1\/wp-content\/uploads\/2015\/08\/acidente-300x225.jpg 300w\" sizes=\"(max-width: 581px) 100vw, 581px\" \/><\/p>\n<p>Na colis\u00e3o, o carro dirigido pelo jovem foi arrastado por v\u00e1rios metros e, em seguida pegou fogo. As chamas tamb\u00e9m atingiram o caminh\u00e3o. Os ve\u00edculos ficaram completamente destru\u00eddos.<\/p>\n<p>O jovem ficou preso \u00e1s ferragens e morreu carbonizado. Uma equipe do Corpo de Bombeiros foi acionada e retirou o corpo das ferragens. O condutor do caminh\u00e3o saiu do ve\u00edculo antes que as chamas se alastrassem e n\u00e3o ficou ferido.<\/p>\n","protected":false},"excerpt":{"rendered":"<p>Um jovem de 25 anos morreu carbonizado ap\u00f3s carro que dirigia colidir com com um caminh\u00e3o ba\u00fa, na manh\u00e3 deste domingo (30), na BR 116 Norte, na cidade de Feira de Santana, a 100 quil\u00f4metros de Salvador. Segundo informa\u00e7\u00f5es da pol\u00edcia, o condutor teria tentado entrar na Estrada da Matinha quando sofreu o acidente. O [&hellip;]<\/p>\n","protected":false},"author":2,"featured_media":0,"comment_status":"open","ping_status":"open","sticky":false,"template":"","format":"standard","meta":{"_links_to":"","_links_to_target":""},"categories":[37,5,6],"tags":[],"_links":{"self":[{"href":"https:\/\/www.blogdotarugao.com.br\/v1\/wp-json\/wp\/v2\/posts\/40172"}],"collection":[{"href":"https:\/\/www.blogdotarugao.com.br\/v1\/wp-json\/wp\/v2\/posts"}],"about":[{"href":"https:\/\/www.blogdotarugao.com.br\/v1\/wp-json\/wp\/v2\/types\/post"}],"author":[{"embeddable":true,"href":"https:\/\/www.blogdotarugao.com.br\/v1\/wp-json\/wp\/v2\/users\/2"}],"replies":[{"embeddable":true,"href":"https:\/\/www.blogdotarugao.com.br\/v1\/wp-json\/wp\/v2\/comments?post=40172"}],"version-history":[{"count":2,"href":"https:\/\/www.blogdotarugao.com.br\/v1\/wp-json\/wp\/v2\/posts\/40172\/revisions"}],"predecessor-version":[{"id":40176,"href":"https:\/\/www.blogdotarugao.com.br\/v1\/wp-json\/wp\/v2\/posts\/40172\/revisions\/40176"}],"wp:attachment":[{"href":"https:\/\/www.blogdotarugao.com.br\/v1\/wp-json\/wp\/v2\/media?parent=40172"}],"wp:term":[{"taxonomy":"category","embeddable":true,"href":"https:\/\/www.blogdotarugao.com.br\/v1\/wp-json\/wp\/v2\/categories?post=40172"},{"taxonomy":"post_tag","embeddable":true,"href":"https:\/\/www.blogdotarugao.com.br\/v1\/wp-json\/wp\/v2\/tags?post=40172"}],"curies":[{"name":"wp","href":"https:\/\/api.w.org\/{rel}","templated":true}]}}