{"id":40859,"date":"2015-09-07T19:53:29","date_gmt":"2015-09-07T22:53:29","guid":{"rendered":"http:\/\/www.blogdotarugao.com.br\/v1\/?p=40859"},"modified":"2015-09-07T19:53:29","modified_gmt":"2015-09-07T22:53:29","slug":"adolescente-de-13-anos-e-morto-a-tiros-pela-pm-durante-confronto-na-ba","status":"publish","type":"post","link":"https:\/\/www.blogdotarugao.com.br\/v1\/2015\/09\/07\/adolescente-de-13-anos-e-morto-a-tiros-pela-pm-durante-confronto-na-ba\/","title":{"rendered":"Adolescente de 13 anos \u00e9 morto a tiros pela PM durante confronto na BA"},"content":{"rendered":"<h3 style=\"text-align: justify;\"><img loading=\"lazy\" class=\"alignleft  wp-image-40880\" src=\"http:\/\/www.blogdotarugao.com.br\/v1\/wp-content\/uploads\/2015\/09\/aer.jpg\" alt=\"aer\" width=\"581\" height=\"338\" srcset=\"https:\/\/www.blogdotarugao.com.br\/v1\/wp-content\/uploads\/2015\/09\/aer.jpg 469w, https:\/\/www.blogdotarugao.com.br\/v1\/wp-content\/uploads\/2015\/09\/aer-300x175.jpg 300w\" sizes=\"(max-width: 581px) 100vw, 581px\" \/><\/h3>\n<h3 style=\"text-align: justify;\">Um adolescente de 13 anos foi morto a tiros durante confronto com policiais militares na cidade de Sim\u00f5es Filho, na regi\u00e3o metropolitana de Salvador. O caso aconteceu no domingo (6), na estrada conhecida como &#8220;Cova da Jia&#8221;, no Condom\u00ednio Vivenda dos P\u00e1ssaros.<\/h3>\n<h3 style=\"text-align: justify;\">De acordo com a Pol\u00edcia MIlitar, os agentes foram acionados pela central de pol\u00edcias ap\u00f3s um solicitante informar que homens armados estavam efetuando disparos de arma de fogo e expulsando moradores de apartamentos.<\/h3>\n<h3 style=\"text-align: justify;\">Segundo a PM, os policiais realizaram rondas na regi\u00e3o e foram recebidas a tiros. Os agentes revidaram e um dos suspeitos, o adolescente de 13 anos, foi atingido. Ele ainda chegou a ser socorrido para o Hospital Municipal de <a class=\"premium-tip\" href=\"http:\/\/g1.globo.com\/ba\/bahia\/cidade\/simoes-filho.html\">Sim\u00f5es Filho<\/a>, mas n\u00e3o resistiu.<\/h3>\n<h3 style=\"text-align: justify;\">A pol\u00edcia diz ter encontrado com o adolescente um rev\u00f3lver calibre 32. N\u00e3o h\u00e1 informa\u00e7\u00f5es sobre os demais suspeitos. A PM informou, em nota, que a ocorr\u00eancia foi registrada na Corregedoria da corpora\u00e7\u00e3o.<\/h3>\n","protected":false},"excerpt":{"rendered":"<p>Um adolescente de 13 anos foi morto a tiros durante confronto com policiais militares na cidade de Sim\u00f5es Filho, na regi\u00e3o metropolitana de Salvador. O caso aconteceu no domingo (6), na estrada conhecida como &#8220;Cova da Jia&#8221;, no Condom\u00ednio Vivenda dos P\u00e1ssaros. De acordo com a Pol\u00edcia MIlitar, os agentes foram acionados pela central de [&hellip;]<\/p>\n","protected":false},"author":2,"featured_media":0,"comment_status":"open","ping_status":"open","sticky":false,"template":"","format":"standard","meta":{"_links_to":"","_links_to_target":""},"categories":[37,5,6],"tags":[],"_links":{"self":[{"href":"https:\/\/www.blogdotarugao.com.br\/v1\/wp-json\/wp\/v2\/posts\/40859"}],"collection":[{"href":"https:\/\/www.blogdotarugao.com.br\/v1\/wp-json\/wp\/v2\/posts"}],"about":[{"href":"https:\/\/www.blogdotarugao.com.br\/v1\/wp-json\/wp\/v2\/types\/post"}],"author":[{"embeddable":true,"href":"https:\/\/www.blogdotarugao.com.br\/v1\/wp-json\/wp\/v2\/users\/2"}],"replies":[{"embeddable":true,"href":"https:\/\/www.blogdotarugao.com.br\/v1\/wp-json\/wp\/v2\/comments?post=40859"}],"version-history":[{"count":1,"href":"https:\/\/www.blogdotarugao.com.br\/v1\/wp-json\/wp\/v2\/posts\/40859\/revisions"}],"predecessor-version":[{"id":40881,"href":"https:\/\/www.blogdotarugao.com.br\/v1\/wp-json\/wp\/v2\/posts\/40859\/revisions\/40881"}],"wp:attachment":[{"href":"https:\/\/www.blogdotarugao.com.br\/v1\/wp-json\/wp\/v2\/media?parent=40859"}],"wp:term":[{"taxonomy":"category","embeddable":true,"href":"https:\/\/www.blogdotarugao.com.br\/v1\/wp-json\/wp\/v2\/categories?post=40859"},{"taxonomy":"post_tag","embeddable":true,"href":"https:\/\/www.blogdotarugao.com.br\/v1\/wp-json\/wp\/v2\/tags?post=40859"}],"curies":[{"name":"wp","href":"https:\/\/api.w.org\/{rel}","templated":true}]}}