{"id":41197,"date":"2015-09-11T14:31:12","date_gmt":"2015-09-11T17:31:12","guid":{"rendered":"http:\/\/www.blogdotarugao.com.br\/v1\/?p=41197"},"modified":"2015-09-11T14:31:12","modified_gmt":"2015-09-11T17:31:12","slug":"dilma-nao-quer-wagner-na-casa-civil-diz-jornal","status":"publish","type":"post","link":"https:\/\/www.blogdotarugao.com.br\/v1\/2015\/09\/11\/dilma-nao-quer-wagner-na-casa-civil-diz-jornal\/","title":{"rendered":"Dilma n\u00e3o quer Wagner na Casa Civil, diz jornal"},"content":{"rendered":"<h3 style=\"text-align: justify;\"><img loading=\"lazy\" class=\"alignleft  wp-image-41198\" src=\"http:\/\/www.blogdotarugao.com.br\/v1\/wp-content\/uploads\/2015\/09\/Wagner-e-Dilma.jpg\" alt=\"Wagner e Dilma\" width=\"585\" height=\"375\" srcset=\"https:\/\/www.blogdotarugao.com.br\/v1\/wp-content\/uploads\/2015\/09\/Wagner-e-Dilma.jpg 800w, https:\/\/www.blogdotarugao.com.br\/v1\/wp-content\/uploads\/2015\/09\/Wagner-e-Dilma-300x192.jpg 300w\" sizes=\"(max-width: 585px) 100vw, 585px\" \/>A presidente Dilma Rousseff (PT) estuda substituir o ministro da Casa Civil Aloizio Mercadante por um nome que atue como uma esp\u00e9cie de &#8220;primeiro-ministro&#8221; e que n\u00e3o seja filiado ao PT.<\/h3>\n<h3 style=\"text-align: justify;\">De acordo com reportagem do jornal Folha de S. Paulo, assessores do Planalto afirmam que a l\u00edder nacional apercebeu que precisa fazer um &#8220;movimento de impacto&#8221;, com resson\u00e2ncia pol\u00edtica, para tentar sair da grave crise que paralisa o governo.<\/h3>\n<h3 style=\"text-align: justify;\">A petista avalia substituir seu bra\u00e7o direito at\u00e9 mesmo por algu\u00e9m de fora da pol\u00edtica, mas que tenha receptividade na base aliada e na oposi\u00e7\u00e3o, na tentativa de melhorar a governabilidade e diminuir o n\u00famero de derrotas que vem sofrendo no Congresso. N\u00e3o \u00e9 a primeira vez, contudo, que a possibilidade de sa\u00edda de Mercadante como parte da solu\u00e7\u00e3o para a crise \u00e9 especulada. O ex-presidente Luiz In\u00e1cio Lula da Silva defendia junto a Dilma a troca de Mercadante pelo ministro da Defesa e ex-governador baiano, Jaques Wagner (PT).<\/h3>\n<h3 style=\"text-align: justify;\">Ainda segundo o di\u00e1rio paulista, o PMDB, partido do vice-presidente Michel Temer, tamb\u00e9m j\u00e1 pediu a sa\u00edda de Mercadante, justificando n\u00e3o ter bom entendimento com o ministro, que participa da articula\u00e7\u00e3o pol\u00edtica e \u00e9 considerado voluntarista e centralizador. Segundo relatos de interlocutores, a pr\u00f3pria presidente avalia que ele falhou nas principais negocia\u00e7\u00f5es estrat\u00e9gicas no in\u00edcio de seu segundo mandato.<\/h3>\n<h3 style=\"text-align: justify;\">Mercandante deve ser transferido para outra pasta na reforma da Esplanada que a presidente promete como uma das sa\u00eddas para o deficit fiscal de R$ 30,5 bilh\u00f5es apresentado na semana passada, por sua equipe econ\u00f4mica, na proposta or\u00e7ament\u00e1ria para o ano que vem.<\/h3>\n","protected":false},"excerpt":{"rendered":"<p>A presidente Dilma Rousseff (PT) estuda substituir o ministro da Casa Civil Aloizio Mercadante por um nome que atue como uma esp\u00e9cie de &#8220;primeiro-ministro&#8221; e que n\u00e3o seja filiado ao PT. De acordo com reportagem do jornal Folha de S. Paulo, assessores do Planalto afirmam que a l\u00edder nacional apercebeu que precisa fazer um &#8220;movimento [&hellip;]<\/p>\n","protected":false},"author":2,"featured_media":0,"comment_status":"open","ping_status":"open","sticky":false,"template":"","format":"standard","meta":{"_links_to":"","_links_to_target":""},"categories":[70,1,7],"tags":[],"_links":{"self":[{"href":"https:\/\/www.blogdotarugao.com.br\/v1\/wp-json\/wp\/v2\/posts\/41197"}],"collection":[{"href":"https:\/\/www.blogdotarugao.com.br\/v1\/wp-json\/wp\/v2\/posts"}],"about":[{"href":"https:\/\/www.blogdotarugao.com.br\/v1\/wp-json\/wp\/v2\/types\/post"}],"author":[{"embeddable":true,"href":"https:\/\/www.blogdotarugao.com.br\/v1\/wp-json\/wp\/v2\/users\/2"}],"replies":[{"embeddable":true,"href":"https:\/\/www.blogdotarugao.com.br\/v1\/wp-json\/wp\/v2\/comments?post=41197"}],"version-history":[{"count":1,"href":"https:\/\/www.blogdotarugao.com.br\/v1\/wp-json\/wp\/v2\/posts\/41197\/revisions"}],"predecessor-version":[{"id":41199,"href":"https:\/\/www.blogdotarugao.com.br\/v1\/wp-json\/wp\/v2\/posts\/41197\/revisions\/41199"}],"wp:attachment":[{"href":"https:\/\/www.blogdotarugao.com.br\/v1\/wp-json\/wp\/v2\/media?parent=41197"}],"wp:term":[{"taxonomy":"category","embeddable":true,"href":"https:\/\/www.blogdotarugao.com.br\/v1\/wp-json\/wp\/v2\/categories?post=41197"},{"taxonomy":"post_tag","embeddable":true,"href":"https:\/\/www.blogdotarugao.com.br\/v1\/wp-json\/wp\/v2\/tags?post=41197"}],"curies":[{"name":"wp","href":"https:\/\/api.w.org\/{rel}","templated":true}]}}