{"id":41243,"date":"2015-09-11T22:05:32","date_gmt":"2015-09-12T01:05:32","guid":{"rendered":"http:\/\/www.blogdotarugao.com.br\/v1\/?p=41243"},"modified":"2015-09-11T22:05:32","modified_gmt":"2015-09-12T01:05:32","slug":"carro-entra-embaixo-de-carreta-e-tres-da-mesma-familia-ficam-feridos-na-ba","status":"publish","type":"post","link":"https:\/\/www.blogdotarugao.com.br\/v1\/2015\/09\/11\/carro-entra-embaixo-de-carreta-e-tres-da-mesma-familia-ficam-feridos-na-ba\/","title":{"rendered":"Carro entra embaixo de carreta e tr\u00eas da mesma fam\u00edlia ficam feridos na BA"},"content":{"rendered":"<h3 style=\"text-align: justify;\"><img loading=\"lazy\" class=\"alignleft  wp-image-41244\" src=\"http:\/\/www.blogdotarugao.com.br\/v1\/wp-content\/uploads\/2015\/09\/1_5.jpg\" alt=\"1_5\" width=\"580\" height=\"435\" srcset=\"https:\/\/www.blogdotarugao.com.br\/v1\/wp-content\/uploads\/2015\/09\/1_5.jpg 620w, https:\/\/www.blogdotarugao.com.br\/v1\/wp-content\/uploads\/2015\/09\/1_5-300x225.jpg 300w\" sizes=\"(max-width: 580px) 100vw, 580px\" \/><\/h3>\n<h3 style=\"text-align: justify;\">Tr\u00eas pessoas de uma mesma fam\u00edlia ficaram feridas em um acidente envolvendo um carro e uma carreta na BR-242, perto da cidade de <a class=\"premium-tip\" href=\"http:\/\/g1.globo.com\/ba\/bahia\/cidade\/luis-eduardo-magalhaes.html\">Lu\u00eds Eduardo Magalh\u00e3es<\/a>, no oeste da Bahia, nesta sexta-feira (11).<\/h3>\n<h3 class=\"foto componente_materia midia-largura-300\" style=\"text-align: justify;\">Segundo a Pol\u00edcia Militar, o motorista do carro, um homem de 62 anos, teria perdido o controle do ve\u00edculo e colidiu no fundo da carreta. Ele ficou preso \u00e0s ferragens.<img loading=\"lazy\" class=\"alignleft  wp-image-41246\" src=\"http:\/\/www.blogdotarugao.com.br\/v1\/wp-content\/uploads\/2015\/09\/1_8.jpg\" alt=\"1_8\" width=\"580\" height=\"435\" srcset=\"https:\/\/www.blogdotarugao.com.br\/v1\/wp-content\/uploads\/2015\/09\/1_8.jpg 620w, https:\/\/www.blogdotarugao.com.br\/v1\/wp-content\/uploads\/2015\/09\/1_8-300x225.jpg 300w\" sizes=\"(max-width: 580px) 100vw, 580px\" \/><\/h3>\n<h3 style=\"text-align: justify;\">No ve\u00edculo, tamb\u00e9m estavam a mulher e a filha dele, que tamb\u00e9m se machucaram. A PM informou que n\u00e3o encontrou o condutor da carreta no local.<\/h3>\n<h3 style=\"text-align: justify;\">Parte da frente do carro em que as v\u00edtimas viajavam ficou embaixo da carreta ap\u00f3s a batida. A pol\u00edcia n\u00e3o soube informar as circunst\u00e2ncias do acidente, que ocorreu por volta das 14h.<\/h3>\n<h3 style=\"text-align: justify;\">Os feridos foram socorridos por unidades do Servi\u00e7o de Atendimento M\u00f3vel Urg\u00eancia (Samu). As duas mulheres foram encaminhadas para uma Unidade de Pronto Atendimento (UPA) de Lu\u00eds Eduardo Magalh\u00e3es.<\/h3>\n<h3 style=\"text-align: justify;\">J\u00e1 o contudor foi encaminhado em estado grave, com suspeita de traumatismo craniano, para um hospital da cidade de Barreiras. N\u00e3o h\u00e1 informa\u00e7\u00f5es sobre o estado de sa\u00fade das v\u00edtimas.<\/h3>\n","protected":false},"excerpt":{"rendered":"<p>Tr\u00eas pessoas de uma mesma fam\u00edlia ficaram feridas em um acidente envolvendo um carro e uma carreta na BR-242, perto da cidade de Lu\u00eds Eduardo Magalh\u00e3es, no oeste da Bahia, nesta sexta-feira (11). Segundo a Pol\u00edcia Militar, o motorista do carro, um homem de 62 anos, teria perdido o controle do ve\u00edculo e colidiu no [&hellip;]<\/p>\n","protected":false},"author":2,"featured_media":0,"comment_status":"open","ping_status":"open","sticky":false,"template":"","format":"standard","meta":{"_links_to":"","_links_to_target":""},"categories":[37,5],"tags":[],"_links":{"self":[{"href":"https:\/\/www.blogdotarugao.com.br\/v1\/wp-json\/wp\/v2\/posts\/41243"}],"collection":[{"href":"https:\/\/www.blogdotarugao.com.br\/v1\/wp-json\/wp\/v2\/posts"}],"about":[{"href":"https:\/\/www.blogdotarugao.com.br\/v1\/wp-json\/wp\/v2\/types\/post"}],"author":[{"embeddable":true,"href":"https:\/\/www.blogdotarugao.com.br\/v1\/wp-json\/wp\/v2\/users\/2"}],"replies":[{"embeddable":true,"href":"https:\/\/www.blogdotarugao.com.br\/v1\/wp-json\/wp\/v2\/comments?post=41243"}],"version-history":[{"count":1,"href":"https:\/\/www.blogdotarugao.com.br\/v1\/wp-json\/wp\/v2\/posts\/41243\/revisions"}],"predecessor-version":[{"id":41247,"href":"https:\/\/www.blogdotarugao.com.br\/v1\/wp-json\/wp\/v2\/posts\/41243\/revisions\/41247"}],"wp:attachment":[{"href":"https:\/\/www.blogdotarugao.com.br\/v1\/wp-json\/wp\/v2\/media?parent=41243"}],"wp:term":[{"taxonomy":"category","embeddable":true,"href":"https:\/\/www.blogdotarugao.com.br\/v1\/wp-json\/wp\/v2\/categories?post=41243"},{"taxonomy":"post_tag","embeddable":true,"href":"https:\/\/www.blogdotarugao.com.br\/v1\/wp-json\/wp\/v2\/tags?post=41243"}],"curies":[{"name":"wp","href":"https:\/\/api.w.org\/{rel}","templated":true}]}}