{"id":41265,"date":"2015-09-12T10:37:59","date_gmt":"2015-09-12T13:37:59","guid":{"rendered":"http:\/\/www.blogdotarugao.com.br\/v1\/?p=41265"},"modified":"2015-09-12T10:37:59","modified_gmt":"2015-09-12T13:37:59","slug":"lula-alertou-sobre-impeachment-e-lava-jato","status":"publish","type":"post","link":"https:\/\/www.blogdotarugao.com.br\/v1\/2015\/09\/12\/lula-alertou-sobre-impeachment-e-lava-jato\/","title":{"rendered":"Lula alertou sobre impeachment e Lava-Jato"},"content":{"rendered":"<div class=\"postConteudo\">\n<div id=\"attachment_41266\" style=\"width: 592px\" class=\"wp-caption alignleft\"><img aria-describedby=\"caption-attachment-41266\" loading=\"lazy\" class=\"wp-image-41266\" src=\"http:\/\/www.blogdotarugao.com.br\/v1\/wp-content\/uploads\/2015\/09\/lula-dilma.jpg\" alt=\"lula dilma\" width=\"582\" height=\"328\" srcset=\"https:\/\/www.blogdotarugao.com.br\/v1\/wp-content\/uploads\/2015\/09\/lula-dilma.jpg 810w, https:\/\/www.blogdotarugao.com.br\/v1\/wp-content\/uploads\/2015\/09\/lula-dilma-300x169.jpg 300w\" sizes=\"(max-width: 582px) 100vw, 582px\" \/><p id=\"caption-attachment-41266\" class=\"wp-caption-text\">Lula alertou sobre impeachment e Lava-Jato<\/p><\/div>\n<h3 style=\"text-align: justify;\">Em relato que fez a interlocutores pr\u00f3ximos, <strong>Lula<\/strong> definiu como \u201cruim\u201d a sua \u00faltima conversa particular com <strong>Dilma Rousseff<\/strong>, ocorrida na sexta-feira, 4. \u201cEu comecei pesado\u201d, reconheceu Lula sobre o encontro.<\/h3>\n<h3 style=\"text-align: justify;\">Neste in\u00edcio, Lula criticou asperamente a articula\u00e7\u00e3o pol\u00edtica e econ\u00f4mica do governo. E reclamou muito de Aloizio Mercadante, Jos\u00e9 Eduardo Cardozo e Joaquim Levy.<\/h3>\n<h3 style=\"text-align: justify;\">\u201cDilma, n\u00f3s estamos f\u2026\u201d, disse Lula, segundo o seu relato. Lula falou da possibilidade real de impeachment e de que as investiga\u00e7\u00f5es da Lava-Jato cheguem nele.<\/h3>\n<h3 style=\"text-align: justify;\">Lula voltou a defender o entendimento com Michel Temer: \u201cum acordo que acabe com o namoro do PMDB com o impeachment\u201d e criticou os cortes nos programas sociais.<\/h3>\n<h3 style=\"text-align: justify;\">Mas reconheceu que Dilma n\u00e3o tem condi\u00e7\u00f5es de demitir Levy, \u201cassim como eu n\u00e3o podia tirar o (Henrique) Meirelles\u201d.<\/h3>\n<\/div>\n<h3 style=\"text-align: justify;\"><i>Por Lauro Jardim<\/i><\/h3>\n","protected":false},"excerpt":{"rendered":"<p>Em relato que fez a interlocutores pr\u00f3ximos, Lula definiu como \u201cruim\u201d a sua \u00faltima conversa particular com Dilma Rousseff, ocorrida na sexta-feira, 4. \u201cEu comecei pesado\u201d, reconheceu Lula sobre o encontro. Neste in\u00edcio, Lula criticou asperamente a articula\u00e7\u00e3o pol\u00edtica e econ\u00f4mica do governo. E reclamou muito de Aloizio Mercadante, Jos\u00e9 Eduardo Cardozo e Joaquim Levy. [&hellip;]<\/p>\n","protected":false},"author":2,"featured_media":0,"comment_status":"open","ping_status":"open","sticky":false,"template":"","format":"standard","meta":{"_links_to":"","_links_to_target":""},"categories":[70,1,7],"tags":[],"_links":{"self":[{"href":"https:\/\/www.blogdotarugao.com.br\/v1\/wp-json\/wp\/v2\/posts\/41265"}],"collection":[{"href":"https:\/\/www.blogdotarugao.com.br\/v1\/wp-json\/wp\/v2\/posts"}],"about":[{"href":"https:\/\/www.blogdotarugao.com.br\/v1\/wp-json\/wp\/v2\/types\/post"}],"author":[{"embeddable":true,"href":"https:\/\/www.blogdotarugao.com.br\/v1\/wp-json\/wp\/v2\/users\/2"}],"replies":[{"embeddable":true,"href":"https:\/\/www.blogdotarugao.com.br\/v1\/wp-json\/wp\/v2\/comments?post=41265"}],"version-history":[{"count":1,"href":"https:\/\/www.blogdotarugao.com.br\/v1\/wp-json\/wp\/v2\/posts\/41265\/revisions"}],"predecessor-version":[{"id":41267,"href":"https:\/\/www.blogdotarugao.com.br\/v1\/wp-json\/wp\/v2\/posts\/41265\/revisions\/41267"}],"wp:attachment":[{"href":"https:\/\/www.blogdotarugao.com.br\/v1\/wp-json\/wp\/v2\/media?parent=41265"}],"wp:term":[{"taxonomy":"category","embeddable":true,"href":"https:\/\/www.blogdotarugao.com.br\/v1\/wp-json\/wp\/v2\/categories?post=41265"},{"taxonomy":"post_tag","embeddable":true,"href":"https:\/\/www.blogdotarugao.com.br\/v1\/wp-json\/wp\/v2\/tags?post=41265"}],"curies":[{"name":"wp","href":"https:\/\/api.w.org\/{rel}","templated":true}]}}