{"id":41451,"date":"2015-09-14T14:48:42","date_gmt":"2015-09-14T17:48:42","guid":{"rendered":"http:\/\/www.blogdotarugao.com.br\/v1\/?p=41451"},"modified":"2015-09-14T20:53:38","modified_gmt":"2015-09-14T23:53:38","slug":"noite-violenta-em-itapetinga-um-morto-e-dois-baleados-deram-entrada-no-hcrfundacao-jose-silveira-na-madrugada-desta-segunda-14","status":"publish","type":"post","link":"https:\/\/www.blogdotarugao.com.br\/v1\/2015\/09\/14\/noite-violenta-em-itapetinga-um-morto-e-dois-baleados-deram-entrada-no-hcrfundacao-jose-silveira-na-madrugada-desta-segunda-14\/","title":{"rendered":"NOITE VIOLENTA EM ITAPETINGA: UM MORTO E DOIS BALEADOS DERAM ENTRADA NO HCR\/FUNDA\u00c7\u00c3O JOS\u00c9 SILVEIRA NA MADRUGADA DESTA SEGUNDA (14)"},"content":{"rendered":"<h3 style=\"text-align: justify;\"><a href=\"http:\/\/www.itapetinganamidia.com\/wp-content\/uploads\/2015\/09\/Alenilton-Almeida-Rocha-vulgo-Lenito....jpg\" class=\"gallery_colorbox\"><img loading=\"lazy\" class=\"alignleft  wp-image-41452\" src=\"http:\/\/www.blogdotarugao.com.br\/v1\/wp-content\/uploads\/2015\/09\/Elenilton.jpg\"  alt=\"Elenilton\" width=\"585\" height=\"450\" srcset=\"https:\/\/www.blogdotarugao.com.br\/v1\/wp-content\/uploads\/2015\/09\/Elenilton.jpg 882w, https:\/\/www.blogdotarugao.com.br\/v1\/wp-content\/uploads\/2015\/09\/Elenilton-300x231.jpg 300w\" sizes=\"(max-width: 585px) 100vw, 585px\" \/><\/a>A guerra pelo tr\u00e1fico de drogas foi declarada em Itapetinga diante dos \u00faltimos acontecimentos. Informa\u00e7\u00f5es confirmadas pela Pol\u00edcia d\u00e3o conta de que nesta madrugada (segunda-feira, 14\/09\/15), pelo menos uma pessoa foi assassinada no Parque Poliesportivo da Lagoa e duas outras foram baleados no Am\u00e9rico Nogueira.<\/h3>\n<h3 style=\"text-align: justify;\">As v\u00edtimas deram entrada no Pronto Socorro do Hospital Cristo Redentor \/ Funda\u00e7\u00e3o Jos\u00e9 Silveira, onde a movimenta\u00e7\u00e3o \u00e9 intensa pela presen\u00e7a de familiares em busca de informa\u00e7\u00f5es\u2026<\/h3>\n<h3 style=\"text-align: justify;\">Alvejado por v\u00e1rios disparos de arma de fogo, inclusive no peito esquerdo, o jovem Alenilton Almeida Rocha, vulgo (Lenito), 27 anos, morador do Bairro Am\u00e9rico Nogueira, foi socorrido at\u00e9 o Pronto Socorro do HCR, mas chegou na Unidade sem sinais vitais.<\/h3>\n<h3 style=\"text-align: justify;\">Lenito era traficante, foi acusado de envolvimento em crime de\u00a0homic\u00eddio e tinha v\u00e1rias passagens na pol\u00edcia. Bra\u00e7o direito de um traficante do Am\u00e9rico Nogueira, foi assassinado pelo grupo rival nesta madrugada\u2026<\/h3>\n<h3 style=\"text-align: justify;\">A segunda v\u00edtima baleada no tiroteio foi Jos\u00e9 Braz da Silva Filho, vulgo (PEPEU), alvejado no joelho e no bra\u00e7o. A terceira v\u00edtima foi uma mulher, Eliz\u00e2ngela de Jesus Santos, 27 anos, alvejada no bra\u00e7o esquerdo por disparo de arma de fogo.<\/h3>\n<h3 style=\"text-align: justify;\">O Delegado Dr. Frank Nogueira esteve com sua equipe no HCR coletando informa\u00e7\u00f5es acerca dos crimes de homic\u00eddio e dupla tentativa\u2026 A DHPP ter\u00e1 muito trabalho nas pr\u00f3ximas horas em definir autoria e motiva\u00e7\u00e3o do crime.Veja mais fotos.<\/h3>\n<h3>FONTE: ITAPETINGA NA M\u00cdDIA<\/h3>\n<p><!--more--><\/p>\n<p><a href=\"http:\/\/www.itapetinganamidia.com\/wp-content\/uploads\/2015\/09\/Jos%C3%A9-Braz-da-Silva-Filho-Pepeu.jpg\" class=\"gallery_colorbox\"><img loading=\"lazy\" class=\"aligncenter wp-image-38265\" src=\"http:\/\/www.itapetinganamidia.com\/wp-content\/uploads\/2015\/09\/Jos%C3%A9-Braz-da-Silva-Filho-Pepeu.jpg\"  alt=\"Jos\u00e9 Braz da Silva Filho, Pepeu\" width=\"584\" height=\"406\" \/><\/a><\/p>\n<p><a href=\"http:\/\/www.itapetinganamidia.com\/wp-content\/uploads\/2015\/09\/IMG-20150914-WA0024.jpg\" class=\"gallery_colorbox\"><img loading=\"lazy\" class=\"aligncenter wp-image-38267\" src=\"http:\/\/www.itapetinganamidia.com\/wp-content\/uploads\/2015\/09\/IMG-20150914-WA0024.jpg\"  alt=\"IMG-20150914-WA0024\" width=\"585\" height=\"896\" \/><\/a><\/p>\n<h3><a href=\"http:\/\/www.itapetinganamidia.com\/wp-content\/uploads\/2015\/09\/Elizangela.jpg\" class=\"gallery_colorbox\"><img loading=\"lazy\" class=\"aligncenter  wp-image-38270\" src=\"http:\/\/www.itapetinganamidia.com\/wp-content\/uploads\/2015\/09\/Elizangela.jpg\"  alt=\"Elizangela\" width=\"585\" height=\"779\" \/><\/a>FONTE: ITAPETINGA NA M\u00cdDIA<\/h3>\n","protected":false},"excerpt":{"rendered":"<p>A guerra pelo tr\u00e1fico de drogas foi declarada em Itapetinga diante dos \u00faltimos acontecimentos. Informa\u00e7\u00f5es confirmadas pela Pol\u00edcia d\u00e3o conta de que nesta madrugada (segunda-feira, 14\/09\/15), pelo menos uma pessoa foi assassinada no Parque Poliesportivo da Lagoa e duas outras foram baleados no Am\u00e9rico Nogueira. As v\u00edtimas deram entrada no Pronto Socorro do Hospital Cristo [&hellip;]<\/p>\n","protected":false},"author":2,"featured_media":0,"comment_status":"open","ping_status":"open","sticky":false,"template":"","format":"standard","meta":{"_links_to":"","_links_to_target":""},"categories":[6,1,7],"tags":[],"_links":{"self":[{"href":"https:\/\/www.blogdotarugao.com.br\/v1\/wp-json\/wp\/v2\/posts\/41451"}],"collection":[{"href":"https:\/\/www.blogdotarugao.com.br\/v1\/wp-json\/wp\/v2\/posts"}],"about":[{"href":"https:\/\/www.blogdotarugao.com.br\/v1\/wp-json\/wp\/v2\/types\/post"}],"author":[{"embeddable":true,"href":"https:\/\/www.blogdotarugao.com.br\/v1\/wp-json\/wp\/v2\/users\/2"}],"replies":[{"embeddable":true,"href":"https:\/\/www.blogdotarugao.com.br\/v1\/wp-json\/wp\/v2\/comments?post=41451"}],"version-history":[{"count":3,"href":"https:\/\/www.blogdotarugao.com.br\/v1\/wp-json\/wp\/v2\/posts\/41451\/revisions"}],"predecessor-version":[{"id":41455,"href":"https:\/\/www.blogdotarugao.com.br\/v1\/wp-json\/wp\/v2\/posts\/41451\/revisions\/41455"}],"wp:attachment":[{"href":"https:\/\/www.blogdotarugao.com.br\/v1\/wp-json\/wp\/v2\/media?parent=41451"}],"wp:term":[{"taxonomy":"category","embeddable":true,"href":"https:\/\/www.blogdotarugao.com.br\/v1\/wp-json\/wp\/v2\/categories?post=41451"},{"taxonomy":"post_tag","embeddable":true,"href":"https:\/\/www.blogdotarugao.com.br\/v1\/wp-json\/wp\/v2\/tags?post=41451"}],"curies":[{"name":"wp","href":"https:\/\/api.w.org\/{rel}","templated":true}]}}