{"id":41503,"date":"2015-09-14T23:55:37","date_gmt":"2015-09-15T02:55:37","guid":{"rendered":"http:\/\/www.blogdotarugao.com.br\/v1\/?p=41503"},"modified":"2015-09-14T20:54:43","modified_gmt":"2015-09-14T23:54:43","slug":"com-traumatismo-delegada-que-caiu-de-predio-em-salvador-vai-para-a-uti","status":"publish","type":"post","link":"https:\/\/www.blogdotarugao.com.br\/v1\/2015\/09\/14\/com-traumatismo-delegada-que-caiu-de-predio-em-salvador-vai-para-a-uti\/","title":{"rendered":"Com traumatismo, delegada que caiu de pr\u00e9dio em Salvador vai para a UTI"},"content":{"rendered":"<h3 style=\"text-align: justify;\"><img loading=\"lazy\" class=\"alignleft  wp-image-41504\" src=\"http:\/\/www.blogdotarugao.com.br\/v1\/wp-content\/uploads\/2015\/09\/sem-titulo-1_2.jpg\" alt=\"sem-titulo-1_2\" width=\"580\" height=\"374\" srcset=\"https:\/\/www.blogdotarugao.com.br\/v1\/wp-content\/uploads\/2015\/09\/sem-titulo-1_2.jpg 620w, https:\/\/www.blogdotarugao.com.br\/v1\/wp-content\/uploads\/2015\/09\/sem-titulo-1_2-300x194.jpg 300w\" sizes=\"(max-width: 580px) 100vw, 580px\" \/><\/h3>\n<h3 style=\"text-align: justify;\">A delegada da Pol\u00edcia Civil que sofreu traumatismo craniano ap\u00f3s <a href=\"http:\/\/g1.globo.com\/bahia\/noticia\/2015\/09\/delegada-fica-ferida-apos-cair-de-edificio-na-paralela-em-salvador.html\">cair do terceiro andar<\/a> de um pr\u00e9dio residencial na Avenida ACM, em Salvador, passou por cirurgia e foi levada para a UTI do Hospital Geral do Estado (HGE), de acordo com informa\u00e7\u00f5es da Secretaria de Sa\u00fade da Bahia (Sesab). O estado de sa\u00fade \u00e9 considerado est\u00e1vel.<\/h3>\n<h3 style=\"text-align: justify;\">Sandra Kaline Vieira Lima tem 40 anos e despencou do edif\u00edcio na manh\u00e3 desta segunda-feira (14). N\u00e3o h\u00e1 informa\u00e7\u00f5es sobre a causa da queda. A pol\u00edcia investiga a hip\u00f3tese de acidente. A v\u00edtima trajava roupa de academia no momento da queda.<\/h3>\n<h3 style=\"text-align: justify;\">A equipe do Departamento de Pol\u00edcia T\u00e9cnica (DPT) foi encaminhada ao local e n\u00e3o encontrou vest\u00edgios de arrombamento no apartamento, que fica no residencial Tribeca, que fica dentro do condom\u00ednio Manhattan Square.<\/h3>\n<h3 style=\"text-align: justify;\">A v\u00edtima mora sozinha no local. Lima trabalha h\u00e1 15 anos na corpora\u00e7\u00e3o e atua h\u00e1 tr\u00eas anos na Corregedoria da Pol\u00edcia Civil, em Salvador.<\/h3>\n","protected":false},"excerpt":{"rendered":"<p>A delegada da Pol\u00edcia Civil que sofreu traumatismo craniano ap\u00f3s cair do terceiro andar de um pr\u00e9dio residencial na Avenida ACM, em Salvador, passou por cirurgia e foi levada para a UTI do Hospital Geral do Estado (HGE), de acordo com informa\u00e7\u00f5es da Secretaria de Sa\u00fade da Bahia (Sesab). O estado de sa\u00fade \u00e9 considerado [&hellip;]<\/p>\n","protected":false},"author":2,"featured_media":0,"comment_status":"open","ping_status":"open","sticky":false,"template":"","format":"standard","meta":{"_links_to":"","_links_to_target":""},"categories":[37,5,6],"tags":[],"_links":{"self":[{"href":"https:\/\/www.blogdotarugao.com.br\/v1\/wp-json\/wp\/v2\/posts\/41503"}],"collection":[{"href":"https:\/\/www.blogdotarugao.com.br\/v1\/wp-json\/wp\/v2\/posts"}],"about":[{"href":"https:\/\/www.blogdotarugao.com.br\/v1\/wp-json\/wp\/v2\/types\/post"}],"author":[{"embeddable":true,"href":"https:\/\/www.blogdotarugao.com.br\/v1\/wp-json\/wp\/v2\/users\/2"}],"replies":[{"embeddable":true,"href":"https:\/\/www.blogdotarugao.com.br\/v1\/wp-json\/wp\/v2\/comments?post=41503"}],"version-history":[{"count":1,"href":"https:\/\/www.blogdotarugao.com.br\/v1\/wp-json\/wp\/v2\/posts\/41503\/revisions"}],"predecessor-version":[{"id":41505,"href":"https:\/\/www.blogdotarugao.com.br\/v1\/wp-json\/wp\/v2\/posts\/41503\/revisions\/41505"}],"wp:attachment":[{"href":"https:\/\/www.blogdotarugao.com.br\/v1\/wp-json\/wp\/v2\/media?parent=41503"}],"wp:term":[{"taxonomy":"category","embeddable":true,"href":"https:\/\/www.blogdotarugao.com.br\/v1\/wp-json\/wp\/v2\/categories?post=41503"},{"taxonomy":"post_tag","embeddable":true,"href":"https:\/\/www.blogdotarugao.com.br\/v1\/wp-json\/wp\/v2\/tags?post=41503"}],"curies":[{"name":"wp","href":"https:\/\/api.w.org\/{rel}","templated":true}]}}