{"id":41583,"date":"2015-09-15T20:45:28","date_gmt":"2015-09-15T23:45:28","guid":{"rendered":"http:\/\/www.blogdotarugao.com.br\/v1\/?p=41583"},"modified":"2015-09-15T20:45:28","modified_gmt":"2015-09-15T23:45:28","slug":"menina-de-2-anos-morre-afogada-em-balde-enquanto-mae-rezava","status":"publish","type":"post","link":"https:\/\/www.blogdotarugao.com.br\/v1\/2015\/09\/15\/menina-de-2-anos-morre-afogada-em-balde-enquanto-mae-rezava\/","title":{"rendered":"Menina de 2 anos morre afogada em balde enquanto m\u00e3e rezava"},"content":{"rendered":"<h3 style=\"text-align: justify;\"><img loading=\"lazy\" class=\"alignleft  wp-image-41585\" src=\"http:\/\/www.blogdotarugao.com.br\/v1\/wp-content\/uploads\/2015\/09\/balde2.jpg\" alt=\"balde2\" width=\"585\" height=\"732\" srcset=\"https:\/\/www.blogdotarugao.com.br\/v1\/wp-content\/uploads\/2015\/09\/balde2.jpg 670w, https:\/\/www.blogdotarugao.com.br\/v1\/wp-content\/uploads\/2015\/09\/balde2-240x300.jpg 240w\" sizes=\"(max-width: 585px) 100vw, 585px\" \/>Uma crian\u00e7a de 2 anos morreu afogada na tarde desta segunda-feira, em Ara\u00e7oiaba, na Regi\u00e3o Metropolitana do Recife. De acordo com a pol\u00edcia, o incidente ocorreu enquanto a menina tomava banho dentro da pr\u00f3pria casa.<\/h3>\n<h3 style=\"text-align: justify;\">Respons\u00e1vel pelo caso, o delegado Joaquim Braga Neto contou que, por alguns minutos, a m\u00e3e deixou a filha sozinha e foi rezar em outro c\u00f4modo. &#8220;Segundo a m\u00e3e, ela foi apenas buscar uma b\u00edblia para fazer uma ora\u00e7\u00e3o. Mas quando ela voltou, a menina j\u00e1 estava debru\u00e7ada, com o rosto dentro do balde e afogada&#8221;, acrescentou Neto.<\/h3>\n<h3 style=\"text-align: justify;\">A m\u00e3e da crian\u00e7a ainda procurou ajuda e a levou a um hospital, mas a menina j\u00e1 chegou sem vida na unidade de sa\u00fade. O delegado acredita que n\u00e3o tenha sido neglig\u00eancia da m\u00e3e, mas, sim, uma fatalidade. O corpo da v\u00edtima foi levado ao Instituto de Medicina Legal (IML) do Recife e o enterro deve ser na tarde desta ter\u00e7a-feira. &#8220;Vamos analisar o que houve no caso. Ap\u00f3s a per\u00edcia, podemos dizer se a menina passou mal, teve uma convuls\u00e3o ou outro incidente&#8221;, disse Neto.<\/h3>\n","protected":false},"excerpt":{"rendered":"<p>Uma crian\u00e7a de 2 anos morreu afogada na tarde desta segunda-feira, em Ara\u00e7oiaba, na Regi\u00e3o Metropolitana do Recife. De acordo com a pol\u00edcia, o incidente ocorreu enquanto a menina tomava banho dentro da pr\u00f3pria casa. Respons\u00e1vel pelo caso, o delegado Joaquim Braga Neto contou que, por alguns minutos, a m\u00e3e deixou a filha sozinha e [&hellip;]<\/p>\n","protected":false},"author":2,"featured_media":0,"comment_status":"open","ping_status":"open","sticky":false,"template":"","format":"standard","meta":{"_links_to":"","_links_to_target":""},"categories":[37,70,1],"tags":[],"_links":{"self":[{"href":"https:\/\/www.blogdotarugao.com.br\/v1\/wp-json\/wp\/v2\/posts\/41583"}],"collection":[{"href":"https:\/\/www.blogdotarugao.com.br\/v1\/wp-json\/wp\/v2\/posts"}],"about":[{"href":"https:\/\/www.blogdotarugao.com.br\/v1\/wp-json\/wp\/v2\/types\/post"}],"author":[{"embeddable":true,"href":"https:\/\/www.blogdotarugao.com.br\/v1\/wp-json\/wp\/v2\/users\/2"}],"replies":[{"embeddable":true,"href":"https:\/\/www.blogdotarugao.com.br\/v1\/wp-json\/wp\/v2\/comments?post=41583"}],"version-history":[{"count":1,"href":"https:\/\/www.blogdotarugao.com.br\/v1\/wp-json\/wp\/v2\/posts\/41583\/revisions"}],"predecessor-version":[{"id":41586,"href":"https:\/\/www.blogdotarugao.com.br\/v1\/wp-json\/wp\/v2\/posts\/41583\/revisions\/41586"}],"wp:attachment":[{"href":"https:\/\/www.blogdotarugao.com.br\/v1\/wp-json\/wp\/v2\/media?parent=41583"}],"wp:term":[{"taxonomy":"category","embeddable":true,"href":"https:\/\/www.blogdotarugao.com.br\/v1\/wp-json\/wp\/v2\/categories?post=41583"},{"taxonomy":"post_tag","embeddable":true,"href":"https:\/\/www.blogdotarugao.com.br\/v1\/wp-json\/wp\/v2\/tags?post=41583"}],"curies":[{"name":"wp","href":"https:\/\/api.w.org\/{rel}","templated":true}]}}