{"id":41772,"date":"2015-09-17T21:47:32","date_gmt":"2015-09-18T00:47:32","guid":{"rendered":"http:\/\/www.blogdotarugao.com.br\/v1\/?p=41772"},"modified":"2015-09-17T21:47:32","modified_gmt":"2015-09-18T00:47:32","slug":"via-bahia-vai-anunciar-obras-emergenciais-em-vitoria-da-conquista","status":"publish","type":"post","link":"https:\/\/www.blogdotarugao.com.br\/v1\/2015\/09\/17\/via-bahia-vai-anunciar-obras-emergenciais-em-vitoria-da-conquista\/","title":{"rendered":"Via Bahia vai anunciar obras emergenciais em Vit\u00f3ria da Conquista"},"content":{"rendered":"<h3 style=\"text-align: justify;\"><img loading=\"lazy\" class=\"alignleft  wp-image-41773\" src=\"http:\/\/www.blogdotarugao.com.br\/v1\/wp-content\/uploads\/2015\/09\/herzem1.jpg\" alt=\"herzem1\" width=\"585\" height=\"440\" srcset=\"https:\/\/www.blogdotarugao.com.br\/v1\/wp-content\/uploads\/2015\/09\/herzem1.jpg 960w, https:\/\/www.blogdotarugao.com.br\/v1\/wp-content\/uploads\/2015\/09\/herzem1-300x225.jpg 300w\" sizes=\"(max-width: 585px) 100vw, 585px\" \/>Por sugest\u00e3o do deputado Herzem Gusm\u00e3o (PMDB), o presidente da Via Bahia, Paulo Andr\u00e9, participou de uma reuni\u00e3o na Comiss\u00e3o de Obras da Assembleia e disse que a empresa vai passar por transforma\u00e7\u00f5es. \u201cEncontrei uma concession\u00e1ria de costas para as pessoas. A Via Bahia vai mudar a imagem e estar\u00e1 mais perto do povo\u201d, afirmou. Paulo Andr\u00e9 disse tamb\u00e9m que, na pr\u00f3xima ter\u00e7a-feira, vai anunciar as interven\u00e7\u00f5es emergenciais que ser\u00e3o realizadas no munic\u00edpio.<\/h3>\n<h3 style=\"text-align: justify;\">\u201cEu apresentei v\u00e1rias reivindica\u00e7\u00f5es e vamos aguardar que as obras sejam realmente executadas\u201d, afirmou Herzem Gusm\u00e3o. De acordo com a diretoria da Via Bahia, os encontros com os parlamentares ser\u00e3o frequentes. A pr\u00f3xima reuni\u00e3o dever\u00e1 acontecer em novembro. \u201cQuero prestar contas no dia a dia. N\u00e3o \u00e9 demagogia. Queremos dar respostas r\u00e1pidas\u201d, disse o presidente da Via Bahia aos membros da comiss\u00e3o.<\/h3>\n","protected":false},"excerpt":{"rendered":"<p>Por sugest\u00e3o do deputado Herzem Gusm\u00e3o (PMDB), o presidente da Via Bahia, Paulo Andr\u00e9, participou de uma reuni\u00e3o na Comiss\u00e3o de Obras da Assembleia e disse que a empresa vai passar por transforma\u00e7\u00f5es. \u201cEncontrei uma concession\u00e1ria de costas para as pessoas. A Via Bahia vai mudar a imagem e estar\u00e1 mais perto do povo\u201d, afirmou. [&hellip;]<\/p>\n","protected":false},"author":2,"featured_media":0,"comment_status":"open","ping_status":"open","sticky":false,"template":"","format":"standard","meta":{"_links_to":"","_links_to_target":""},"categories":[6,70,1,7],"tags":[],"_links":{"self":[{"href":"https:\/\/www.blogdotarugao.com.br\/v1\/wp-json\/wp\/v2\/posts\/41772"}],"collection":[{"href":"https:\/\/www.blogdotarugao.com.br\/v1\/wp-json\/wp\/v2\/posts"}],"about":[{"href":"https:\/\/www.blogdotarugao.com.br\/v1\/wp-json\/wp\/v2\/types\/post"}],"author":[{"embeddable":true,"href":"https:\/\/www.blogdotarugao.com.br\/v1\/wp-json\/wp\/v2\/users\/2"}],"replies":[{"embeddable":true,"href":"https:\/\/www.blogdotarugao.com.br\/v1\/wp-json\/wp\/v2\/comments?post=41772"}],"version-history":[{"count":1,"href":"https:\/\/www.blogdotarugao.com.br\/v1\/wp-json\/wp\/v2\/posts\/41772\/revisions"}],"predecessor-version":[{"id":41774,"href":"https:\/\/www.blogdotarugao.com.br\/v1\/wp-json\/wp\/v2\/posts\/41772\/revisions\/41774"}],"wp:attachment":[{"href":"https:\/\/www.blogdotarugao.com.br\/v1\/wp-json\/wp\/v2\/media?parent=41772"}],"wp:term":[{"taxonomy":"category","embeddable":true,"href":"https:\/\/www.blogdotarugao.com.br\/v1\/wp-json\/wp\/v2\/categories?post=41772"},{"taxonomy":"post_tag","embeddable":true,"href":"https:\/\/www.blogdotarugao.com.br\/v1\/wp-json\/wp\/v2\/tags?post=41772"}],"curies":[{"name":"wp","href":"https:\/\/api.w.org\/{rel}","templated":true}]}}