{"id":42347,"date":"2015-09-25T21:52:21","date_gmt":"2015-09-26T00:52:21","guid":{"rendered":"http:\/\/www.blogdotarugao.com.br\/v1\/?p=42347"},"modified":"2015-09-26T10:58:11","modified_gmt":"2015-09-26T13:58:11","slug":"prf-baleado-tem-piora-e-medicos-investigam-possivel-morte-encefalica","status":"publish","type":"post","link":"https:\/\/www.blogdotarugao.com.br\/v1\/2015\/09\/25\/prf-baleado-tem-piora-e-medicos-investigam-possivel-morte-encefalica\/","title":{"rendered":"Hospital confirma morte encef\u00e1lica de policial rodovi\u00e1rio federal baleado na Pituba"},"content":{"rendered":"<h3 style=\"text-align: justify;\"><img loading=\"lazy\" class=\"alignleft  wp-image-42348\" src=\"http:\/\/www.blogdotarugao.com.br\/v1\/wp-content\/uploads\/2015\/09\/policial_rodoviario.jpg\" alt=\"policial_rodoviario\" width=\"579\" height=\"434\" \/><\/h3>\n<h3 style=\"text-align: justify;\"><\/h3>\n<h3 style=\"text-align: justify;\">O policial rodovi\u00e1rio federal Marcelo Carib\u00e9 Carvalho, de 28 anos, <strong><a href=\"http:\/\/www.bahianoticias.com.br\/noticia\/179225-policial-de-rondonia-e-baleado-por-assaltantes-na-pituba.html\" target=\"_blank\">baleado na cabe\u00e7a na Pituba na quinta-feira (24)<\/a><\/strong>, teve morte encef\u00e1lica confirmada pela coordena\u00e7\u00e3o geral da UTI Neurol\u00f3gica do Hospital da Bahia, neste s\u00e1bado (26). De acordo com a assessoria do hospital, a fam\u00edlia resolveu manter contato com propostos da Central de Transplantes do Estado para o procedimento de doa\u00e7\u00e3o de \u00f3rg\u00e3os. Nesta sexta-feira (25).\u00a0Segundo o hospital, um novo boletim ser\u00e1 enviado logo que houver finaliza\u00e7\u00e3o do protocolo de investiga\u00e7\u00e3o.<\/h3>\n<h3>O acidente:<\/h3>\n<h3 style=\"text-align: justify;\">O policial rodovi\u00e1rio federal baiano, Marcelo Carib\u00e9 Carvalho, 28 anos, <a href=\"http:\/\/g1.globo.com\/bahia\/noticia\/2015\/09\/policial-rodoviario-federal-de-rondonia-e-baleado-em-assalto-em-salvador.html\">baleado na cabe\u00e7a durante um assalto em Salvador<\/a>, apresentou piora progressiva no quadro cl\u00ednico e foi aberto um protocolo de investiga\u00e7\u00e3o de poss\u00edvel morte encef\u00e1lica. A informa\u00e7\u00e3o foi divulgada no final da tarde desta sexta (25) pela assessoria de comunica\u00e7\u00e3o do Hospital da Bahia, onde a v\u00edtima est\u00e1 internada.<img loading=\"lazy\" class=\"alignleft  wp-image-42360\" src=\"http:\/\/www.blogdotarugao.com.br\/v1\/wp-content\/uploads\/2015\/09\/soldado.jpg\" alt=\"soldado\" width=\"580\" height=\"427\" srcset=\"https:\/\/www.blogdotarugao.com.br\/v1\/wp-content\/uploads\/2015\/09\/soldado.jpg 380w, https:\/\/www.blogdotarugao.com.br\/v1\/wp-content\/uploads\/2015\/09\/soldado-300x221.jpg 300w\" sizes=\"(max-width: 580px) 100vw, 580px\" \/><\/h3>\n<h3 style=\"text-align: justify;\">O policial rodovi\u00e1rio deu entrada na emerg\u00eancia da unidade m\u00e9dica por volta das 22 horas de quinta-feira (24), logo depois de ter sido baleado no bairro da Pituba. Conforme o hospital, ap\u00f3s os procedimentos emergenciais, foi submetido a uma neurocirurgia e <a href=\"http:\/\/g1.globo.com\/bahia\/noticia\/2015\/09\/prf-baleado-em-assalto-na-ba-esta-na-uti-em-estado-grave-diz-hospital.html\">encaminhado para a UTI Neurol\u00f3gica<\/a>.<\/h3>\n<h3 style=\"text-align: justify;\">Lotado em Porto Velho, Rond\u00f4nia, <a href=\"http:\/\/g1.globo.com\/bahia\/noticia\/2015\/09\/prf-baleado-estava-de-folga-e-em-festa-de-despedida-para-retorno-ro.html\">Marcelo estava de folga e participava de uma festa de despedida com familiares<\/a> na capital baiana quando foi abordado. O PRF retornaria para RO nesta sexta-feira, segundo informa\u00e7\u00f5es de nota divulgada pelo Sindicato dos Policiais Rodovi\u00e1rios Federais da Bahia (SINPRF &#8211; BA), que lamentou o ocorrido.<\/h3>\n<h3 style=\"text-align: justify;\">O crime foi registrado por volta das 21h30 de quinta-feira (24). De acordo com a pol\u00edcia, Marcelo Carib\u00e9 de Carvalho, de 28 anos, estava em uma barraca, pr\u00f3ximo ao supermercado Hiper Ideal, com amigos, quando dois homens chegaram e anunciaram o assalto. Ele teria reagido \u00e0 abordagem.<\/h3>\n<h3 style=\"text-align: justify;\">A v\u00edtima foi socorrida por policiais da 13\u00aa Companhia Independente de Pol\u00edcia Militar (CIPM\/Pituba), e levada para o Hospital da Bahia, localizado na Av. Magalh\u00e3es Neto. O policial deu entrada na unidade hospitalar por volta das 22h. Conforme a assessoria, Marcelo Carib\u00e9 foi atingido pelo disparo na cabe\u00e7a e deu entrada na emerg\u00eancia em estado grave.<\/h3>\n<h3 style=\"text-align: justify;\">Ap\u00f3s procedimentos, ainda segundo o hospital, Marcelo foi encaminhado para cirurgia para retirada da bala e, em seguida, foi direcionado para UTI Neurol\u00f3gica, onde permanece na manh\u00e3 desta sexta-feira com suporte ventilat\u00f3rio mec\u00e2nico e em uso de rem\u00e9dios, informou o hospital. N\u00e3o h\u00e1 previs\u00e3o de alta.<\/h3>\n<h3 style=\"text-align: justify;\">Conforme Nilton Tormes, titular da 16\u00aa (DT\/Pituba), o policial teve uma pistola roubada durante o assalto. O titular afirma tamb\u00e9m que provid\u00eancias est\u00e3o sendo tomadas.\u00a0 &#8220;Estamos tomando todas as provid\u00eancias necess\u00e1rias. Adotamos todos os meios dispon\u00edveis, no sentido de identificar os autores do crime&#8221;, antecipou o delegado ao <strong>G1<\/strong>.<\/h3>\n<h3 style=\"text-align: justify;\">Ainda segundo o SINPRF-BA, Marcelo n\u00e3o \u00e9 filiado ao sistema sindical, mas uma estrutura jur\u00eddica e social foi colocada \u00e0 disposi\u00e7\u00e3o para dar suporte para v\u00edtima e seus familiares. O sindicato ainda ressalta que a 10\u00aa Superintend\u00eancia Regional da Policia Rodovi\u00e1ria Federal, com o apoio das policias Federal, Civil e Militar est\u00e3o trabalhando para elucidar o caso e prender os envolvidos no crime.<\/h3>\n","protected":false},"excerpt":{"rendered":"<p>O policial rodovi\u00e1rio federal Marcelo Carib\u00e9 Carvalho, de 28 anos, baleado na cabe\u00e7a na Pituba na quinta-feira (24), teve morte encef\u00e1lica confirmada pela coordena\u00e7\u00e3o geral da UTI Neurol\u00f3gica do Hospital da Bahia, neste s\u00e1bado (26). De acordo com a assessoria do hospital, a fam\u00edlia resolveu manter contato com propostos da Central de Transplantes do Estado [&hellip;]<\/p>\n","protected":false},"author":2,"featured_media":0,"comment_status":"open","ping_status":"open","sticky":false,"template":"","format":"standard","meta":{"_links_to":"","_links_to_target":""},"categories":[37,5,6],"tags":[],"_links":{"self":[{"href":"https:\/\/www.blogdotarugao.com.br\/v1\/wp-json\/wp\/v2\/posts\/42347"}],"collection":[{"href":"https:\/\/www.blogdotarugao.com.br\/v1\/wp-json\/wp\/v2\/posts"}],"about":[{"href":"https:\/\/www.blogdotarugao.com.br\/v1\/wp-json\/wp\/v2\/types\/post"}],"author":[{"embeddable":true,"href":"https:\/\/www.blogdotarugao.com.br\/v1\/wp-json\/wp\/v2\/users\/2"}],"replies":[{"embeddable":true,"href":"https:\/\/www.blogdotarugao.com.br\/v1\/wp-json\/wp\/v2\/comments?post=42347"}],"version-history":[{"count":5,"href":"https:\/\/www.blogdotarugao.com.br\/v1\/wp-json\/wp\/v2\/posts\/42347\/revisions"}],"predecessor-version":[{"id":42366,"href":"https:\/\/www.blogdotarugao.com.br\/v1\/wp-json\/wp\/v2\/posts\/42347\/revisions\/42366"}],"wp:attachment":[{"href":"https:\/\/www.blogdotarugao.com.br\/v1\/wp-json\/wp\/v2\/media?parent=42347"}],"wp:term":[{"taxonomy":"category","embeddable":true,"href":"https:\/\/www.blogdotarugao.com.br\/v1\/wp-json\/wp\/v2\/categories?post=42347"},{"taxonomy":"post_tag","embeddable":true,"href":"https:\/\/www.blogdotarugao.com.br\/v1\/wp-json\/wp\/v2\/tags?post=42347"}],"curies":[{"name":"wp","href":"https:\/\/api.w.org\/{rel}","templated":true}]}}