{"id":42564,"date":"2015-09-28T16:01:38","date_gmt":"2015-09-28T19:01:38","guid":{"rendered":"http:\/\/www.blogdotarugao.com.br\/v1\/?p=42564"},"modified":"2015-09-28T16:01:38","modified_gmt":"2015-09-28T19:01:38","slug":"tony-salles-comenta-traicao-e-perdao-de-sheila-carvalho-ha-males-que-vem-para-o-bem","status":"publish","type":"post","link":"https:\/\/www.blogdotarugao.com.br\/v1\/2015\/09\/28\/tony-salles-comenta-traicao-e-perdao-de-sheila-carvalho-ha-males-que-vem-para-o-bem\/","title":{"rendered":"Tony Salles comenta trai\u00e7\u00e3o e perd\u00e3o de Sheila Carvalho &#8216;H\u00e1 males que vem para o bem&#8217;"},"content":{"rendered":"<h3 id=\"cke_pastebin\" style=\"text-align: justify;\"><img loading=\"lazy\" class=\"alignleft  wp-image-42565\" src=\"http:\/\/www.blogdotarugao.com.br\/v1\/wp-content\/uploads\/2015\/09\/sheila.jpg\" alt=\"sheila\" width=\"585\" height=\"431\" srcset=\"https:\/\/www.blogdotarugao.com.br\/v1\/wp-content\/uploads\/2015\/09\/sheila.jpg 380w, https:\/\/www.blogdotarugao.com.br\/v1\/wp-content\/uploads\/2015\/09\/sheila-300x221.jpg 300w\" sizes=\"(max-width: 585px) 100vw, 585px\" \/>Pouco mais de dois anos ap\u00f3s o caso extraconjugal com a empres\u00e1ria Kamyla Simioni ter vindo \u00e0 tona, Tony Salles comentou sobre trai\u00e7\u00e3o e o perd\u00e3o da esposa Sheila Carvalho. Em entrevista ao colunista L\u00e9o Dias, o vocalista do grupo Parangol\u00e9 declarou como lidou com a situa\u00e7\u00e3o.<\/h3>\n<h3 id=\"cke_pastebin\" style=\"text-align: justify;\">Sem entrar em detalhes, ele usou um dito popular para falar da rela\u00e7\u00e3o com a esposa. &#8220;H\u00e1 males que v\u00eam para o bem, sabe? \u00c0s vezes, at\u00e9 parece ruim\u2026&#8221;, contou.<\/h3>\n<h3 id=\"cke_pastebin\" style=\"text-align: justify;\">Ao ser questionado sobre o perd\u00e3o, o pagodeiro tamb\u00e9m preferiu se limitar a poucas palavras. &#8220;N\u00e3o \u00e9 legal ficar futucando&#8221;. O perd\u00e3o s\u00f3 vem,quando o amor \u00e9 verdadeiro&#8221;, completou. Casados h\u00e1 oito anos, o casal \u00e9 pai da pequena Giulia, de 5 anos.<\/h3>\n<h3 id=\"cke_pastebin\" style=\"text-align: justify;\">O cantor gravou no palco principal do Salvador Fest, no \u00faltimo dia 20, seu primeiro DVD \u00e0 frente do Parangol\u00e9.<\/h3>\n","protected":false},"excerpt":{"rendered":"<p>Pouco mais de dois anos ap\u00f3s o caso extraconjugal com a empres\u00e1ria Kamyla Simioni ter vindo \u00e0 tona, Tony Salles comentou sobre trai\u00e7\u00e3o e o perd\u00e3o da esposa Sheila Carvalho. Em entrevista ao colunista L\u00e9o Dias, o vocalista do grupo Parangol\u00e9 declarou como lidou com a situa\u00e7\u00e3o. Sem entrar em detalhes, ele usou um dito [&hellip;]<\/p>\n","protected":false},"author":2,"featured_media":0,"comment_status":"open","ping_status":"open","sticky":false,"template":"","format":"standard","meta":{"_links_to":"","_links_to_target":""},"categories":[6,21,70,1,75],"tags":[],"_links":{"self":[{"href":"https:\/\/www.blogdotarugao.com.br\/v1\/wp-json\/wp\/v2\/posts\/42564"}],"collection":[{"href":"https:\/\/www.blogdotarugao.com.br\/v1\/wp-json\/wp\/v2\/posts"}],"about":[{"href":"https:\/\/www.blogdotarugao.com.br\/v1\/wp-json\/wp\/v2\/types\/post"}],"author":[{"embeddable":true,"href":"https:\/\/www.blogdotarugao.com.br\/v1\/wp-json\/wp\/v2\/users\/2"}],"replies":[{"embeddable":true,"href":"https:\/\/www.blogdotarugao.com.br\/v1\/wp-json\/wp\/v2\/comments?post=42564"}],"version-history":[{"count":1,"href":"https:\/\/www.blogdotarugao.com.br\/v1\/wp-json\/wp\/v2\/posts\/42564\/revisions"}],"predecessor-version":[{"id":42566,"href":"https:\/\/www.blogdotarugao.com.br\/v1\/wp-json\/wp\/v2\/posts\/42564\/revisions\/42566"}],"wp:attachment":[{"href":"https:\/\/www.blogdotarugao.com.br\/v1\/wp-json\/wp\/v2\/media?parent=42564"}],"wp:term":[{"taxonomy":"category","embeddable":true,"href":"https:\/\/www.blogdotarugao.com.br\/v1\/wp-json\/wp\/v2\/categories?post=42564"},{"taxonomy":"post_tag","embeddable":true,"href":"https:\/\/www.blogdotarugao.com.br\/v1\/wp-json\/wp\/v2\/tags?post=42564"}],"curies":[{"name":"wp","href":"https:\/\/api.w.org\/{rel}","templated":true}]}}