{"id":43218,"date":"2015-10-08T01:06:23","date_gmt":"2015-10-08T04:06:23","guid":{"rendered":"http:\/\/www.blogdotarugao.com.br\/v1\/?p=43218"},"modified":"2015-10-08T01:08:42","modified_gmt":"2015-10-08T04:08:42","slug":"equipe-do-sbt-vem-a-itapetinga-e-questiona-o-secretario-do-meio-ambiente-sobre-o-incendio-no-parque-zoo-matinha","status":"publish","type":"post","link":"https:\/\/www.blogdotarugao.com.br\/v1\/2015\/10\/08\/equipe-do-sbt-vem-a-itapetinga-e-questiona-o-secretario-do-meio-ambiente-sobre-o-incendio-no-parque-zoo-matinha\/","title":{"rendered":"EQUIPE DO SBT VEM A ITAPETINGA E QUESTIONA O SECRET\u00c1RIO DO MEIO AMBIENTE SOBRE O INC\u00caNDIO NO PARQUE ZOO-MATINHA"},"content":{"rendered":"<div class=\"yt-lockup-thumbnail\"><span class=\" spf-link  ux-thumb-wrap contains-addto\"><span class=\"video-thumb  yt-thumb yt-thumb-196\"><span class=\"yt-thumb-default\"><span class=\"yt-thumb-clip\"><a class=\"yt-uix-sessionlink\" href=\"http:\/\/www.youtube.com\/watch?v=U_oZ1o9zPbY\" data-sessionlink=\"ei=UeYVVofjJ5T1wQSznasw&amp;ved=CNgBEMAb&amp;feature=c4-feed-u\"><img loading=\"lazy\" class=\"\" src=\"http:\/\/i.ytimg.com\/vi\/U_oZ1o9zPbY\/mqdefault.jpg\" alt=\"\" width=\"584\" height=\"328\" \/><\/a><\/span><\/span><\/span><\/span><\/p>\n<h3 style=\"text-align: justify;\">Na manh\u00e3 desta quarta-feira (07) por volta de 11?:00 horas, uma equipe de reportagem da TV Aratu, afiliada ao SBT (Sistema Brasileiro de Televis\u00e3o), comandada pelo Rep\u00f3rter Daniel Silva, esteve no Parque ZOO-MATINHA em Itapetinga para saber, quais foram os danos causados, pelo inc\u00eandio de grande propor\u00e7\u00e3o.<img loading=\"lazy\" class=\"  wp-image-43023 alignleft\" src=\"http:\/\/www.blogdotarugao.com.br\/v1\/wp-content\/uploads\/2015\/10\/mat2.jpg\" alt=\"mat2\" width=\"585\" height=\"439\" srcset=\"https:\/\/www.blogdotarugao.com.br\/v1\/wp-content\/uploads\/2015\/10\/mat2.jpg 960w, https:\/\/www.blogdotarugao.com.br\/v1\/wp-content\/uploads\/2015\/10\/mat2-300x225.jpg 300w\" sizes=\"(max-width: 585px) 100vw, 585px\" \/><\/h3>\n<h3 style=\"text-align: justify;\">O inc\u00eandio aconteceu na \u00faltima segunda-feira (05) e o fogo se alastrou rapidamente, devastando mais de 10% da mata nativa.<img loading=\"lazy\" class=\"  wp-image-43022 alignleft\" src=\"http:\/\/www.blogdotarugao.com.br\/v1\/wp-content\/uploads\/2015\/10\/mat1.jpg\" alt=\"mat1\" width=\"584\" height=\"438\" srcset=\"https:\/\/www.blogdotarugao.com.br\/v1\/wp-content\/uploads\/2015\/10\/mat1.jpg 960w, https:\/\/www.blogdotarugao.com.br\/v1\/wp-content\/uploads\/2015\/10\/mat1-300x225.jpg 300w\" sizes=\"(max-width: 584px) 100vw, 584px\" \/> <img loading=\"lazy\" class=\"  wp-image-43025 alignleft\" src=\"http:\/\/www.blogdotarugao.com.br\/v1\/wp-content\/uploads\/2015\/10\/mat4.jpg\" alt=\"mat4\" width=\"585\" height=\"439\" srcset=\"https:\/\/www.blogdotarugao.com.br\/v1\/wp-content\/uploads\/2015\/10\/mat4.jpg 960w, https:\/\/www.blogdotarugao.com.br\/v1\/wp-content\/uploads\/2015\/10\/mat4-300x225.jpg 300w\" sizes=\"(max-width: 585px) 100vw, 585px\" \/> <img loading=\"lazy\" class=\"  wp-image-43026 alignleft\" src=\"http:\/\/www.blogdotarugao.com.br\/v1\/wp-content\/uploads\/2015\/10\/mat5.jpg\" alt=\"mat5\" width=\"585\" height=\"439\" srcset=\"https:\/\/www.blogdotarugao.com.br\/v1\/wp-content\/uploads\/2015\/10\/mat5.jpg 960w, https:\/\/www.blogdotarugao.com.br\/v1\/wp-content\/uploads\/2015\/10\/mat5-300x225.jpg 300w\" sizes=\"(max-width: 585px) 100vw, 585px\" \/><\/h3>\n<h3>Uma equipe dos Bombeiros Civis de Itapetinga, esteve no local e usando o carro pipa do PAC 2, conseguiu\u00a0debelar as chamas e\u00a0resfriar o local. \u00a0<img loading=\"lazy\" class=\" wp-image-43027 alignleft\" src=\"http:\/\/www.blogdotarugao.com.br\/v1\/wp-content\/uploads\/2015\/10\/mat6.jpg\" alt=\"mat6\" width=\"585\" height=\"439\" srcset=\"https:\/\/www.blogdotarugao.com.br\/v1\/wp-content\/uploads\/2015\/10\/mat6.jpg 960w, https:\/\/www.blogdotarugao.com.br\/v1\/wp-content\/uploads\/2015\/10\/mat6-300x225.jpg 300w\" sizes=\"(max-width: 585px) 100vw, 585px\" \/><\/h3>\n<h3 style=\"text-align: justify;\">Segundo o Secret\u00e1rio, o inc\u00eandio foi criminoso e a Pol\u00edcia Civil j\u00e1 investiga o caso.<\/h3>\n<h3 style=\"text-align: justify;\">Veja a Justificativa do Secret\u00e1rio:<\/h3>\n<\/div>\n<p><iframe loading=\"lazy\" src=\"https:\/\/www.youtube.com\/embed\/U_oZ1o9zPbY\" width=\"583\" height=\"439\" frameborder=\"0\" allowfullscreen=\"allowfullscreen\"><\/iframe><\/p>\n","protected":false},"excerpt":{"rendered":"<p>Na manh\u00e3 desta quarta-feira (07) por volta de 11?:00 horas, uma equipe de reportagem da TV Aratu, afiliada ao SBT (Sistema Brasileiro de Televis\u00e3o), comandada pelo Rep\u00f3rter Daniel Silva, esteve no Parque ZOO-MATINHA em Itapetinga para saber, quais foram os danos causados, pelo inc\u00eandio de grande propor\u00e7\u00e3o. O inc\u00eandio aconteceu na \u00faltima segunda-feira (05) e [&hellip;]<\/p>\n","protected":false},"author":2,"featured_media":0,"comment_status":"open","ping_status":"open","sticky":false,"template":"","format":"standard","meta":{"_links_to":"","_links_to_target":""},"categories":[6,70,2,1,7],"tags":[],"_links":{"self":[{"href":"https:\/\/www.blogdotarugao.com.br\/v1\/wp-json\/wp\/v2\/posts\/43218"}],"collection":[{"href":"https:\/\/www.blogdotarugao.com.br\/v1\/wp-json\/wp\/v2\/posts"}],"about":[{"href":"https:\/\/www.blogdotarugao.com.br\/v1\/wp-json\/wp\/v2\/types\/post"}],"author":[{"embeddable":true,"href":"https:\/\/www.blogdotarugao.com.br\/v1\/wp-json\/wp\/v2\/users\/2"}],"replies":[{"embeddable":true,"href":"https:\/\/www.blogdotarugao.com.br\/v1\/wp-json\/wp\/v2\/comments?post=43218"}],"version-history":[{"count":3,"href":"https:\/\/www.blogdotarugao.com.br\/v1\/wp-json\/wp\/v2\/posts\/43218\/revisions"}],"predecessor-version":[{"id":43225,"href":"https:\/\/www.blogdotarugao.com.br\/v1\/wp-json\/wp\/v2\/posts\/43218\/revisions\/43225"}],"wp:attachment":[{"href":"https:\/\/www.blogdotarugao.com.br\/v1\/wp-json\/wp\/v2\/media?parent=43218"}],"wp:term":[{"taxonomy":"category","embeddable":true,"href":"https:\/\/www.blogdotarugao.com.br\/v1\/wp-json\/wp\/v2\/categories?post=43218"},{"taxonomy":"post_tag","embeddable":true,"href":"https:\/\/www.blogdotarugao.com.br\/v1\/wp-json\/wp\/v2\/tags?post=43218"}],"curies":[{"name":"wp","href":"https:\/\/api.w.org\/{rel}","templated":true}]}}