{"id":43264,"date":"2015-10-08T19:56:54","date_gmt":"2015-10-08T22:56:54","guid":{"rendered":"http:\/\/www.blogdotarugao.com.br\/v1\/?p=43264"},"modified":"2015-10-08T19:56:54","modified_gmt":"2015-10-08T22:56:54","slug":"na-contramao-enquanto-a-camara-de-vereadores-de-itapetinga-autoriza-aumento-de-35-das-tarifas-de-agua-e-esgoto-a-camara-de-vereadores-de-sao-paulo-aprova-transporte-publico-gratuito-para-desemp","status":"publish","type":"post","link":"https:\/\/www.blogdotarugao.com.br\/v1\/2015\/10\/08\/na-contramao-enquanto-a-camara-de-vereadores-de-itapetinga-autoriza-aumento-de-35-das-tarifas-de-agua-e-esgoto-a-camara-de-vereadores-de-sao-paulo-aprova-transporte-publico-gratuito-para-desemp\/","title":{"rendered":"&#8220;NA CONTRAM\u00c3O&#8221;: ENQUANTO A C\u00c2MARA DE VEREADORES DE ITAPETINGA AUTORIZA AUMENTO DE 35% DAS TARIFAS DE \u00c1GUA E ESGOTO, A C\u00c2MARA  DE VEREADORES DE S\u00c3O PAULO APROVA TRANSPORTE P\u00daBLICO GRATUITO PARA DESEMPREGADOS"},"content":{"rendered":"<h2 id=\"noticia-titulo-h1\" style=\"text-align: justify;\"><img loading=\"lazy\" class=\"  wp-image-43265 alignleft\" src=\"http:\/\/www.blogdotarugao.com.br\/v1\/wp-content\/uploads\/2015\/10\/BUZU.jpg\" alt=\"BUZU\" width=\"586\" height=\"367\" srcset=\"https:\/\/www.blogdotarugao.com.br\/v1\/wp-content\/uploads\/2015\/10\/BUZU.jpg 652w, https:\/\/www.blogdotarugao.com.br\/v1\/wp-content\/uploads\/2015\/10\/BUZU-300x188.jpg 300w\" sizes=\"(max-width: 586px) 100vw, 586px\" \/>C\u00e2mara aprova transporte p\u00fablico gratuito a desempregados<\/h2>\n<h3 class=\" \" style=\"text-align: justify;\">A C\u00e2mara Municipal de S\u00e3o Paulo aprovou, em sess\u00e3o extraordin\u00e1ria, a cria\u00e7\u00e3o do Bilhete Especial do Desempregado, que garante acesso gratuito ao transporte p\u00fablico da capital paulista para desempregados pelo per\u00edodo de tr\u00eas meses. O projeto precisa de san\u00e7\u00e3o do prefeito Fernando Haddad para entrar em vigor.<\/h3>\n<h3 style=\"text-align: justify;\">Concedido atualmente para embarques em trens do Metr\u00f4 e da Companhia Paulista de Trens Metropolitanos (CPTM), a gratuidade seria ampliada tamb\u00e9m para benef\u00edcio em \u00f4nibus.<\/h3>\n<h3 style=\"text-align: justify;\">\u201cBasicamente, a ideia \u00e9 equalizar todos os transportes p\u00fablicos que atuam em S\u00e3o Paulo. Hoje, o sujeito que tem de\u00a0pegar mais de uma modalidade de transporte e algumas ele paga e outras n\u00e3o\u201d, explicou o vereador M\u00e1rio Covas Neto (PSDB), um dos autores do projeto de lei (PL 842\/2013), juntamente com Toninho Vespoli (PSOL).<\/h3>\n<h3 class=\"foto-legenda gd12\" style=\"text-align: justify;\"><img loading=\"lazy\" class=\" alignleft\" src=\"http:\/\/i0.statig.com.br\/bancodeimagens\/2e\/7n\/v4\/2e7nv4w2oriooiaep69jvbxni.jpg\" alt=\"Linha-4 Amarela do Metr\u00f4: cerca de 12 mil pessoas j\u00e1 utilizam benef\u00edcio na rede paulistana\" width=\"586\" height=\"367\" \/><cite>Oswaldo Corneti\/ Fotos P\u00fablicas<\/cite><\/p>\n<div class=\"undefined\">Linha-4 Amarela do Metr\u00f4: cerca de 12 mil pessoas j\u00e1 utilizam benef\u00edcio na rede paulistana<\/div>\n<\/h3>\n<h3 class=\" \" style=\"text-align: justify;\">Pelo PL, os interessados ter\u00e3o de comprovar que foram demitidos sem justa causa h\u00e1, no m\u00ednimo, um m\u00eas e, no m\u00e1ximo, seis meses, tendo trabalhado no \u00faltimo emprego por um per\u00edodo m\u00ednimo de seis meses cont\u00ednuos. O cart\u00e3o ter\u00e1 validade de\u00a090 dias e n\u00e3o ser\u00e1 renov\u00e1vel.<\/h3>\n<h3 style=\"text-align: justify;\"><strong>Benef\u00edcios j\u00e1 existentes<br \/>\n<\/strong>As solicita\u00e7\u00f5es no Metr\u00f4 devem ser feitas na esta\u00e7\u00e3o Marechal Deodoro (de 2\u00aa \u00e0 6\u00aa feira, das 8h30 \u00e0s 16h). S\u00e3o exigidos RG, Carteira de Trabalho e Termo de Rescis\u00e3o Contratual. O cart\u00e3o n\u00e3o \u00e9 renov\u00e1vel e se houver perda, extravio, roubo, apreens\u00e3o ou danifica\u00e7\u00e3o, o benefici\u00e1rio n\u00e3o pode solicitar a reposi\u00e7\u00e3o.<\/h3>\n<p><!--more--><\/p>\n<h3 style=\"text-align: justify;\">J\u00e1 para o acesso \u00e0 CPTM os interessados devem se dirigir \u00e0 esta\u00e7\u00e3o Palmeiras-Barra Funda (de 2\u00aa \u00e0 6\u00aa feira, das 8h \u00e0s 16h) e apresentar o CPF original, RG, Carteira de Trabalho com a \u00faltima baixa e o Termo de Rescis\u00e3o Contratual. Em ambos os casos,\u00a0 o benefici\u00e1rio tem de comprovar que trabalhou por seis meses cont\u00ednuos no \u00faltimo emprego com carteira assinada.<\/h3>\n<h3 style=\"text-align: justify;\">Segundo a assessoria de imprensa do Metr\u00f4, existem atualmente em circula\u00e7\u00e3o cerca de 12 mil bilhetes especiais \u2013 e a m\u00e9dia de emiss\u00e3o mensal \u00e9 4,2 mil bilhetes. Na CPTM s\u00e3o cerca de 9 mil bilhetes ativos e a m\u00e9dia de 2,9 mil bilhetes emitidos por m\u00eas.<\/h3>\n","protected":false},"excerpt":{"rendered":"<p>C\u00e2mara aprova transporte p\u00fablico gratuito a desempregados A C\u00e2mara Municipal de S\u00e3o Paulo aprovou, em sess\u00e3o extraordin\u00e1ria, a cria\u00e7\u00e3o do Bilhete Especial do Desempregado, que garante acesso gratuito ao transporte p\u00fablico da capital paulista para desempregados pelo per\u00edodo de tr\u00eas meses. O projeto precisa de san\u00e7\u00e3o do prefeito Fernando Haddad para entrar em vigor. Concedido [&hellip;]<\/p>\n","protected":false},"author":2,"featured_media":0,"comment_status":"open","ping_status":"open","sticky":false,"template":"","format":"standard","meta":{"_links_to":"","_links_to_target":""},"categories":[6,2,1,7],"tags":[],"_links":{"self":[{"href":"https:\/\/www.blogdotarugao.com.br\/v1\/wp-json\/wp\/v2\/posts\/43264"}],"collection":[{"href":"https:\/\/www.blogdotarugao.com.br\/v1\/wp-json\/wp\/v2\/posts"}],"about":[{"href":"https:\/\/www.blogdotarugao.com.br\/v1\/wp-json\/wp\/v2\/types\/post"}],"author":[{"embeddable":true,"href":"https:\/\/www.blogdotarugao.com.br\/v1\/wp-json\/wp\/v2\/users\/2"}],"replies":[{"embeddable":true,"href":"https:\/\/www.blogdotarugao.com.br\/v1\/wp-json\/wp\/v2\/comments?post=43264"}],"version-history":[{"count":1,"href":"https:\/\/www.blogdotarugao.com.br\/v1\/wp-json\/wp\/v2\/posts\/43264\/revisions"}],"predecessor-version":[{"id":43266,"href":"https:\/\/www.blogdotarugao.com.br\/v1\/wp-json\/wp\/v2\/posts\/43264\/revisions\/43266"}],"wp:attachment":[{"href":"https:\/\/www.blogdotarugao.com.br\/v1\/wp-json\/wp\/v2\/media?parent=43264"}],"wp:term":[{"taxonomy":"category","embeddable":true,"href":"https:\/\/www.blogdotarugao.com.br\/v1\/wp-json\/wp\/v2\/categories?post=43264"},{"taxonomy":"post_tag","embeddable":true,"href":"https:\/\/www.blogdotarugao.com.br\/v1\/wp-json\/wp\/v2\/tags?post=43264"}],"curies":[{"name":"wp","href":"https:\/\/api.w.org\/{rel}","templated":true}]}}