{"id":43971,"date":"2015-10-22T21:59:31","date_gmt":"2015-10-23T00:59:31","guid":{"rendered":"http:\/\/www.blogdotarugao.com.br\/v1\/?p=43971"},"modified":"2015-10-22T16:05:39","modified_gmt":"2015-10-22T19:05:39","slug":"pedreiro-fica-gravimente-ferido-apos-parede-cair-sobre-ele-veja-o-video","status":"publish","type":"post","link":"https:\/\/www.blogdotarugao.com.br\/v1\/2015\/10\/22\/pedreiro-fica-gravimente-ferido-apos-parede-cair-sobre-ele-veja-o-video\/","title":{"rendered":"PEDREIRO FICA GRAVIMENTE FERIDO AP\u00d3S PAREDE CAIR SOBRE ELE, VEJA O V\u00cdDEO"},"content":{"rendered":"<div>\n<table class=\"middle\" summary=\"\">\n<thead>\n<tr>\n<th scope=\"col\">\n<p class=\"bodytext\"><img loading=\"lazy\" class=\"alignright  wp-image-43972\" src=\"http:\/\/www.blogdotarugao.com.br\/v1\/wp-content\/uploads\/2015\/10\/PEDREIRO12.jpg\" alt=\"PEDREIRO12\" width=\"552\" height=\"311\" srcset=\"https:\/\/www.blogdotarugao.com.br\/v1\/wp-content\/uploads\/2015\/10\/PEDREIRO12.jpg 620w, https:\/\/www.blogdotarugao.com.br\/v1\/wp-content\/uploads\/2015\/10\/PEDREIRO12-300x169.jpg 300w\" sizes=\"(max-width: 552px) 100vw, 552px\" \/><\/p>\n<\/th>\n<\/tr>\n<\/thead>\n<tbody>\n<tr>\n<td>\n<h3 class=\"bodytext\" style=\"text-align: justify;\">Pedreiro fica em estado grave ap\u00f3s parede cair sobre ele (Foto: Reprodu\u00e7\u00e3o\/PRC)<\/h3>\n<\/td>\n<\/tr>\n<\/tbody>\n<\/table>\n<h3 class=\"bodytext\" style=\"text-align: justify;\">As imagens mostram o pedreiro M\u00e1rio Caregnato, 30 anos, sendo atingido pelo muro enquanto o cunhado dele gravava<\/h3>\n<h3 class=\"bodytext\" style=\"text-align: justify;\">O v\u00eddeo que mostra uma parede de uma casa destru\u00edda caindo sobre um pedreiro em Curitiba ganhou repercuss\u00e3o nas redes sociais. As imagens mostram o pedreiro M\u00e1rio Caregnato, 30 anos, sendo atingido pelo muro enquanto o cunhado dele gravava. As cenas foram filmadas em agosto.<\/h3>\n<h3 class=\"bodytext\" style=\"text-align: justify;\">Caregnato ficou internado tr\u00eas dias na UTI e outros sete dias internados. Ele teve fraturas no peito, um \u00a0pulm\u00e3o perfurado, v\u00e1rios ferimentos na cabe\u00e7a e v\u00e9rtebras fraturadas.<\/h3>\n<\/div>\n<div>\n<h3 class=\"bodytext\" style=\"text-align: justify;\">&#8220;N\u00f3s estamos acostumados a filmar quando vamos fazer uma demoli\u00e7\u00e3o para mostrar ao propriet\u00e1rio do im\u00f3vel a situa\u00e7\u00e3o. Mas ali n\u00e3o, foi por acaso. Aquilo aconteceu porque era para acontecer&#8221;, disse disse o pedreiro em entrevista ao jornal RPC.<\/h3>\n<h3 class=\"bodytext\" style=\"text-align: justify;\">Assista:<\/p>\n<p><iframe loading=\"lazy\" src=\"https:\/\/www.youtube.com\/embed\/eX9Yc-cDAkk\" width=\"582\" height=\"437\" frameborder=\"0\" allowfullscreen=\"allowfullscreen\"><\/iframe><\/h3>\n<\/div>\n<div>\n<h3 class=\"bodytext\">&#8220;Eu tive cinco fraturas de costela no lado esquerdo, uma do lado direito que perfurou o pulm\u00e3o, o [osso] esterno que fraturou, tive hemorragia interna, perdi tr\u00eas litros de sangue, dois co\u00e1gulos na cabe\u00e7a \u2013 um na nuca e um na testa, que foi onde bateu a parede na nuca, e a cabe\u00e7a no ch\u00e3o, e machuquei o joelho&#8221;, contou.<\/h3>\n<\/div>\n<div>\n<h3 class=\"bodytext\">Dois meses depois do acidente, o pedreiro diz ainda ter dificuldades para fazer alguns movimentos e, por isso, conta com ajuda da fam\u00edlia. Os m\u00e9dicos disseram que o pedreiro nunca mais poder\u00e1 erguer peso.<\/h3>\n<\/div>\n","protected":false},"excerpt":{"rendered":"<p>Pedreiro fica em estado grave ap\u00f3s parede cair sobre ele (Foto: Reprodu\u00e7\u00e3o\/PRC) As imagens mostram o pedreiro M\u00e1rio Caregnato, 30 anos, sendo atingido pelo muro enquanto o cunhado dele gravava O v\u00eddeo que mostra uma parede de uma casa destru\u00edda caindo sobre um pedreiro em Curitiba ganhou repercuss\u00e3o nas redes sociais. As imagens mostram o [&hellip;]<\/p>\n","protected":false},"author":2,"featured_media":0,"comment_status":"open","ping_status":"open","sticky":false,"template":"","format":"standard","meta":{"_links_to":"","_links_to_target":""},"categories":[37,70,1],"tags":[],"_links":{"self":[{"href":"https:\/\/www.blogdotarugao.com.br\/v1\/wp-json\/wp\/v2\/posts\/43971"}],"collection":[{"href":"https:\/\/www.blogdotarugao.com.br\/v1\/wp-json\/wp\/v2\/posts"}],"about":[{"href":"https:\/\/www.blogdotarugao.com.br\/v1\/wp-json\/wp\/v2\/types\/post"}],"author":[{"embeddable":true,"href":"https:\/\/www.blogdotarugao.com.br\/v1\/wp-json\/wp\/v2\/users\/2"}],"replies":[{"embeddable":true,"href":"https:\/\/www.blogdotarugao.com.br\/v1\/wp-json\/wp\/v2\/comments?post=43971"}],"version-history":[{"count":2,"href":"https:\/\/www.blogdotarugao.com.br\/v1\/wp-json\/wp\/v2\/posts\/43971\/revisions"}],"predecessor-version":[{"id":43974,"href":"https:\/\/www.blogdotarugao.com.br\/v1\/wp-json\/wp\/v2\/posts\/43971\/revisions\/43974"}],"wp:attachment":[{"href":"https:\/\/www.blogdotarugao.com.br\/v1\/wp-json\/wp\/v2\/media?parent=43971"}],"wp:term":[{"taxonomy":"category","embeddable":true,"href":"https:\/\/www.blogdotarugao.com.br\/v1\/wp-json\/wp\/v2\/categories?post=43971"},{"taxonomy":"post_tag","embeddable":true,"href":"https:\/\/www.blogdotarugao.com.br\/v1\/wp-json\/wp\/v2\/tags?post=43971"}],"curies":[{"name":"wp","href":"https:\/\/api.w.org\/{rel}","templated":true}]}}