{"id":44075,"date":"2015-10-25T05:31:45","date_gmt":"2015-10-25T08:31:45","guid":{"rendered":"http:\/\/www.blogdotarugao.com.br\/v1\/?p=44075"},"modified":"2015-10-26T13:19:40","modified_gmt":"2015-10-26T16:19:40","slug":"deputado-herzem-gusmao-pmdb-coordenara-encontro-das-ads-com-a-bancada-de-oposicao","status":"publish","type":"post","link":"https:\/\/www.blogdotarugao.com.br\/v1\/2015\/10\/25\/deputado-herzem-gusmao-pmdb-coordenara-encontro-das-ads-com-a-bancada-de-oposicao\/","title":{"rendered":"Deputado Herzem Gusm\u00e3o (PMDB) coordenar\u00e1 encontro das ADs com a bancada de oposi\u00e7\u00e3o"},"content":{"rendered":"<h3 class=\"ecxMsoNormal\" style=\"text-align: justify;\"><img loading=\"lazy\" class=\"  wp-image-43037 alignleft\" src=\"http:\/\/www.blogdotarugao.com.br\/v1\/wp-content\/uploads\/2015\/10\/Herzem-Foto-agosto-2015.jpg\" alt=\"Herzem - Foto agosto 2015\" width=\"585\" height=\"390\" srcset=\"https:\/\/www.blogdotarugao.com.br\/v1\/wp-content\/uploads\/2015\/10\/Herzem-Foto-agosto-2015.jpg 640w, https:\/\/www.blogdotarugao.com.br\/v1\/wp-content\/uploads\/2015\/10\/Herzem-Foto-agosto-2015-300x200.jpg 300w\" sizes=\"(max-width: 585px) 100vw, 585px\" \/>O deputado Herzem Gusm\u00e3o (PMDB) vai coordenar o encontro entre o F\u00f3rum das ADs e a bancada de oposi\u00e7\u00e3o na Assembleia Legislativa. Os representantes do F\u00f3rum pretendem conquistar o apoio dos parlamentares para uma emenda \u00e0 Lei Or\u00e7ament\u00e1ria Anual de 2016, que garanta mais recursos para as universidades.\u00a0 O pedido para Gusm\u00e3o ser o coordenador do encontro foi feito pelo l\u00edder da bancada de oposi\u00e7\u00e3o na Alba, deputado Sandro Regis (DEM). Logo ap\u00f3s aceitar o convite, Herzem Gusm\u00e3o acionou a sua assessoria e confirmou a reuni\u00e3o para a pr\u00f3xima ter\u00e7a-feira (27).<\/h3>\n<h3 class=\"ecxMsoNormal\" style=\"text-align: justify;\">Em recente nota divulgada na imprensa, a Adusb informou que s\u00f3 na UESB, a soma dos cortes de verbas nos \u00faltimos dois anos ultrapassa \u00a0R$ 6,5 milh\u00f5es. Em 2016, a universidade receber\u00e1 o mesmo valor de 2015 para as verbas de manuten\u00e7\u00e3o, investimento e custeio, montante comprovadamente insuficiente para as demandas.<\/h3>\n<p><!--more--><\/p>\n<h3 class=\"ecxMsoNormal\" style=\"text-align: justify;\">J\u00e1 o Conselho Superior da Uesb, em sua \u00faltima reuni\u00e3o, realizada no dia 14 de outubro, admitiu que caso o governo n\u00e3o realize suplementa\u00e7\u00e3o dos recursos ainda esse ano e n\u00e3o altere a cota or\u00e7ament\u00e1ria para 2016, o funcionamento da universidade ficar\u00e1 inviabilizado e poder\u00e1 resultar na suspens\u00e3o de atividades.<\/h3>\n","protected":false},"excerpt":{"rendered":"<p>O deputado Herzem Gusm\u00e3o (PMDB) vai coordenar o encontro entre o F\u00f3rum das ADs e a bancada de oposi\u00e7\u00e3o na Assembleia Legislativa. Os representantes do F\u00f3rum pretendem conquistar o apoio dos parlamentares para uma emenda \u00e0 Lei Or\u00e7ament\u00e1ria Anual de 2016, que garanta mais recursos para as universidades.\u00a0 O pedido para Gusm\u00e3o ser o coordenador [&hellip;]<\/p>\n","protected":false},"author":2,"featured_media":0,"comment_status":"open","ping_status":"open","sticky":false,"template":"","format":"standard","meta":{"_links_to":"","_links_to_target":""},"categories":[6,70,1,7,3],"tags":[],"_links":{"self":[{"href":"https:\/\/www.blogdotarugao.com.br\/v1\/wp-json\/wp\/v2\/posts\/44075"}],"collection":[{"href":"https:\/\/www.blogdotarugao.com.br\/v1\/wp-json\/wp\/v2\/posts"}],"about":[{"href":"https:\/\/www.blogdotarugao.com.br\/v1\/wp-json\/wp\/v2\/types\/post"}],"author":[{"embeddable":true,"href":"https:\/\/www.blogdotarugao.com.br\/v1\/wp-json\/wp\/v2\/users\/2"}],"replies":[{"embeddable":true,"href":"https:\/\/www.blogdotarugao.com.br\/v1\/wp-json\/wp\/v2\/comments?post=44075"}],"version-history":[{"count":1,"href":"https:\/\/www.blogdotarugao.com.br\/v1\/wp-json\/wp\/v2\/posts\/44075\/revisions"}],"predecessor-version":[{"id":44076,"href":"https:\/\/www.blogdotarugao.com.br\/v1\/wp-json\/wp\/v2\/posts\/44075\/revisions\/44076"}],"wp:attachment":[{"href":"https:\/\/www.blogdotarugao.com.br\/v1\/wp-json\/wp\/v2\/media?parent=44075"}],"wp:term":[{"taxonomy":"category","embeddable":true,"href":"https:\/\/www.blogdotarugao.com.br\/v1\/wp-json\/wp\/v2\/categories?post=44075"},{"taxonomy":"post_tag","embeddable":true,"href":"https:\/\/www.blogdotarugao.com.br\/v1\/wp-json\/wp\/v2\/tags?post=44075"}],"curies":[{"name":"wp","href":"https:\/\/api.w.org\/{rel}","templated":true}]}}