{"id":44085,"date":"2015-10-25T23:56:42","date_gmt":"2015-10-26T02:56:42","guid":{"rendered":"http:\/\/www.blogdotarugao.com.br\/v1\/?p=44085"},"modified":"2015-10-26T06:57:17","modified_gmt":"2015-10-26T09:57:17","slug":"itororo-vela-acesa-causa-incendio-em-residencia-e-bebe-que-estava-so-em-casa-morre-asfixiado-em-rio-do-meio","status":"publish","type":"post","link":"https:\/\/www.blogdotarugao.com.br\/v1\/2015\/10\/25\/itororo-vela-acesa-causa-incendio-em-residencia-e-bebe-que-estava-so-em-casa-morre-asfixiado-em-rio-do-meio\/","title":{"rendered":"ITOROR\u00d3: VELA ACESA CAUSA INC\u00caNDIO EM RESID\u00caNCIA E BEB\u00ca QUE ESTAVA S\u00d3 EM CASA MORRE ASFIXIADO EM RIO DO MEIO"},"content":{"rendered":"<div class=\"noticia\">\n<p><img loading=\"lazy\" class=\"  wp-image-44086 alignleft\" src=\"http:\/\/www.blogdotarugao.com.br\/v1\/wp-content\/uploads\/2015\/10\/CRIAN\u00c7A-MORRE-DEPOIS-QUE-CASA-PEGA-FOGO-EM-TIO-DO-MEIO.jpg\" alt=\"CRIAN\u00c7A MORRE DEPOIS QUE CASA PEGA FOGO EM TIO DO MEIO\" width=\"584\" height=\"973\" srcset=\"https:\/\/www.blogdotarugao.com.br\/v1\/wp-content\/uploads\/2015\/10\/CRIAN\u00c7A-MORRE-DEPOIS-QUE-CASA-PEGA-FOGO-EM-TIO-DO-MEIO.jpg 552w, https:\/\/www.blogdotarugao.com.br\/v1\/wp-content\/uploads\/2015\/10\/CRIAN\u00c7A-MORRE-DEPOIS-QUE-CASA-PEGA-FOGO-EM-TIO-DO-MEIO-180x300.jpg 180w\" sizes=\"(max-width: 584px) 100vw, 584px\" \/><\/p>\n<h3 style=\"text-align: justify;\"><strong>Uma crian\u00e7a de nome Pedro Lucas Costa Marques de 1 anos e 10 meses faleceu na madrugada deste domingo, 25, ap\u00f3s a resid\u00eancia em que ele dormia pegou fogo no distrito de Rio do Meio, distante de Itoror\u00f3 13km.<\/strong><\/h3>\n<h3 style=\"text-align: justify;\"><strong>Informa\u00e7\u00f5es colhidas pela equipe do Blog Itoror\u00f3 J\u00e1 d\u00e3o conta que a crian\u00e7a dormia em um colch\u00e3o no ch\u00e3o do segundo quarto da resid\u00eancia localizada \u00e0 Rua Silvio Ben\u00edcio em Rio do Meio e no momento do inc\u00eandio estava sozinha em casa. Segundo dados da pol\u00edcia a sua genitora de nome Michelle Costa de Almeida foi chamada por vizinhos em um Bar do distrito e voltou para casa imediatamente, por\u00e9m, ao retornar a crian\u00e7a j\u00e1 havia morrido asfixiada pela fuma\u00e7a causada pelo inc\u00eandio que foi provocado por uma vela deixada acesa no local.<\/strong><\/h3>\n<p><img loading=\"lazy\" class=\"  wp-image-44087 alignleft\" src=\"http:\/\/www.blogdotarugao.com.br\/v1\/wp-content\/uploads\/2015\/10\/FOTO-DA-CASA-INCENDIADA-EM-RIO-DO-MEIO.jpg\" alt=\"FOTO DA CASA INCENDIADA EM RIO DO MEIO\" width=\"586\" height=\"501\" srcset=\"https:\/\/www.blogdotarugao.com.br\/v1\/wp-content\/uploads\/2015\/10\/FOTO-DA-CASA-INCENDIADA-EM-RIO-DO-MEIO.jpg 748w, https:\/\/www.blogdotarugao.com.br\/v1\/wp-content\/uploads\/2015\/10\/FOTO-DA-CASA-INCENDIADA-EM-RIO-DO-MEIO-300x257.jpg 300w\" sizes=\"(max-width: 586px) 100vw, 586px\" \/><\/p>\n<h3 style=\"text-align: justify;\"><strong>O corpo de Pedro Lucas foi encaminhado ao IML de Vit\u00f3ria da Conquista onde esta sendo necropsiado.<\/strong><\/h3>\n<h3 style=\"text-align: justify;\">Fonte: Itoror\u00f3 j\u00e1<\/h3>\n<\/div>\n<div class=\"redes_sociais\"><\/div>\n","protected":false},"excerpt":{"rendered":"<p>Uma crian\u00e7a de nome Pedro Lucas Costa Marques de 1 anos e 10 meses faleceu na madrugada deste domingo, 25, ap\u00f3s a resid\u00eancia em que ele dormia pegou fogo no distrito de Rio do Meio, distante de Itoror\u00f3 13km. Informa\u00e7\u00f5es colhidas pela equipe do Blog Itoror\u00f3 J\u00e1 d\u00e3o conta que a crian\u00e7a dormia em um [&hellip;]<\/p>\n","protected":false},"author":2,"featured_media":0,"comment_status":"open","ping_status":"open","sticky":false,"template":"","format":"standard","meta":{"_links_to":"","_links_to_target":""},"categories":[37,6,70,1],"tags":[],"_links":{"self":[{"href":"https:\/\/www.blogdotarugao.com.br\/v1\/wp-json\/wp\/v2\/posts\/44085"}],"collection":[{"href":"https:\/\/www.blogdotarugao.com.br\/v1\/wp-json\/wp\/v2\/posts"}],"about":[{"href":"https:\/\/www.blogdotarugao.com.br\/v1\/wp-json\/wp\/v2\/types\/post"}],"author":[{"embeddable":true,"href":"https:\/\/www.blogdotarugao.com.br\/v1\/wp-json\/wp\/v2\/users\/2"}],"replies":[{"embeddable":true,"href":"https:\/\/www.blogdotarugao.com.br\/v1\/wp-json\/wp\/v2\/comments?post=44085"}],"version-history":[{"count":1,"href":"https:\/\/www.blogdotarugao.com.br\/v1\/wp-json\/wp\/v2\/posts\/44085\/revisions"}],"predecessor-version":[{"id":44088,"href":"https:\/\/www.blogdotarugao.com.br\/v1\/wp-json\/wp\/v2\/posts\/44085\/revisions\/44088"}],"wp:attachment":[{"href":"https:\/\/www.blogdotarugao.com.br\/v1\/wp-json\/wp\/v2\/media?parent=44085"}],"wp:term":[{"taxonomy":"category","embeddable":true,"href":"https:\/\/www.blogdotarugao.com.br\/v1\/wp-json\/wp\/v2\/categories?post=44085"},{"taxonomy":"post_tag","embeddable":true,"href":"https:\/\/www.blogdotarugao.com.br\/v1\/wp-json\/wp\/v2\/tags?post=44085"}],"curies":[{"name":"wp","href":"https:\/\/api.w.org\/{rel}","templated":true}]}}