{"id":44265,"date":"2015-10-27T21:05:44","date_gmt":"2015-10-28T00:05:44","guid":{"rendered":"http:\/\/www.blogdotarugao.com.br\/v1\/?p=44265"},"modified":"2015-10-27T21:05:44","modified_gmt":"2015-10-28T00:05:44","slug":"comissao-da-camara-aprova-texto-que-libera-porte-de-arma-no-brasil","status":"publish","type":"post","link":"https:\/\/www.blogdotarugao.com.br\/v1\/2015\/10\/27\/comissao-da-camara-aprova-texto-que-libera-porte-de-arma-no-brasil\/","title":{"rendered":"COMISS\u00c3O DA C\u00c2MARA APROVA TEXTO QUE LIBERA PORTE DE ARMA NO BRASIL"},"content":{"rendered":"<div id=\"attachment_44267\" style=\"width: 595px\" class=\"wp-caption alignleft\"><img aria-describedby=\"caption-attachment-44267\" loading=\"lazy\" class=\"  wp-image-44267\" src=\"http:\/\/www.blogdotarugao.com.br\/v1\/wp-content\/uploads\/2015\/10\/armas.jpg\" alt=\"armas\" width=\"585\" height=\"366\" srcset=\"https:\/\/www.blogdotarugao.com.br\/v1\/wp-content\/uploads\/2015\/10\/armas.jpg 652w, https:\/\/www.blogdotarugao.com.br\/v1\/wp-content\/uploads\/2015\/10\/armas-300x188.jpg 300w\" sizes=\"(max-width: 585px) 100vw, 585px\" \/><p id=\"caption-attachment-44267\" class=\"wp-caption-text\">Estatuto do Desarmamento ajudou a retirar de circula\u00e7\u00e3o mais de 130 mil armas em 11 anos<\/p><\/div>\n<h3 id=\"noticia-olho\" style=\"text-align: justify;\">De autoria do relator Laud\u00edvio Carvalho, texto criticado por especialistas visa a derrubar o Estatuto do Desarmamento<\/h3>\n<h3 class=\" \" style=\"text-align: justify;\">Deputados federais da Comiss\u00e3o Especial da C\u00e2mara que visa a derrubar o atual Estatuto do Desarmamento aprovaram o texto-base do Projeto de Lei relatado por Laud\u00edvio Carvalho, nesta ter\u00e7a-feira (27), em Bras\u00edlia.<\/h3>\n<h3 style=\"text-align: justify;\">De autoria do deputado Rog\u00e9rio Peninha Mendon\u00e7a, o Projeto de Lei\u00a03722\/2012 prev\u00ea, entre outras coisas, liberar o porte de armas, reduzir a idade m\u00ednima para\u00a0que cidad\u00e3os possam adquiri-las e expandir a abrang\u00eancia de autoridades que possam port\u00e1-las. Al\u00e9m disso, para de cobrar taxas a quem quiser\u00a0port\u00e1-las e elimina a renova\u00e7\u00e3o do porte, que passa a ser vital\u00edcio \u2013 atualmente, ele \u00e9 renovado a cada tr\u00eas anos.\u00a0<img loading=\"lazy\" class=\"  wp-image-27013 alignleft\" src=\"http:\/\/www.blogdotarugao.com.br\/v1\/wp-content\/uploads\/2015\/03\/PISTOLA.jpg\" alt=\"PISTOLA\" width=\"585\" height=\"437\" \/><\/h3>\n<h3 style=\"text-align: justify;\">Apesar de ser de 2012, o projeto s\u00f3 voltou a ser de fato discutido no ano passado, quando acabou engavetado devido ao fim da legislatura. Conforme mostrou o <strong>iG<\/strong>, no entanto, neste ano deputados das bases conservadoras da C\u00e2mara pressionaram para a retomada de discuss\u00e3o do projeto, que ganhou altera\u00e7\u00f5es feitas por Carvalho.<\/h3>\n<div id=\"attachment_44266\" style=\"width: 596px\" class=\"wp-caption alignleft\"><img aria-describedby=\"caption-attachment-44266\" loading=\"lazy\" class=\"  wp-image-44266\" src=\"http:\/\/www.blogdotarugao.com.br\/v1\/wp-content\/uploads\/2015\/10\/dep.jpg\" alt=\"dep\" width=\"586\" height=\"367\" srcset=\"https:\/\/www.blogdotarugao.com.br\/v1\/wp-content\/uploads\/2015\/10\/dep.jpg 652w, https:\/\/www.blogdotarugao.com.br\/v1\/wp-content\/uploads\/2015\/10\/dep-300x188.jpg 300w\" sizes=\"(max-width: 586px) 100vw, 586px\" \/><p id=\"caption-attachment-44266\" class=\"wp-caption-text\">O deputado federal Laud\u00edvio Carvalho, relator do Projeto de Lei que revoga o atual estatuto<\/p><\/div>\n<h3 class=\" \" style=\"text-align: justify;\">Se\u00a0foi\u00a0alterado, por exemplo, o n\u00famero de muni\u00e7\u00f5es permitidas \u00e0queles com posse no texto original \u2013 de 50 por m\u00eas para 50 por ano \u2013, ao mesmo tempo, o deputado diminuiu a idade m\u00ednima para autorizar o registro, de 25 para 21 anos.<\/h3>\n<h3 class=\" \" style=\"text-align: justify;\">Al\u00e9m disso, o projeto abre o leque de categorias que podem ter porte de arma \u2013 estendendo-o para agentes de tr\u00e2nsito, advogados, oficiais de justi\u00e7a, entre outros \u2013 e cria brechas a profissionais, como taxistas e caminhoneiros, de levarem armas em seus ve\u00edculos por serem seus locais de trabalho.<\/h3>\n<h3 class=\" \" style=\"text-align: justify;\">\u201cSabendo que se alguns cidad\u00e3os de bem est\u00e3o armados, alguns bandidos ser\u00e3o eliminados, e \u00e9 bom que se fa\u00e7a uma limpeza, porque chega da popula\u00e7\u00e3o n\u00e3o poder se defender\u201d,\u00a0elogiou\u00a0o deputado\u00a0Jo\u00e3o Rodrigues (PSD-SC) antes da vota\u00e7\u00e3o.<\/h3>\n<h3 style=\"text-align: justify;\">J\u00e1 Alessandro Molon (Rede-RJ) fez coro ao discurso das ONGs e de especialistas em Seguran\u00e7a P\u00fablica que lutam contra a revoga\u00e7\u00e3o do Estatuto, que poupou 160 mil vidas desde que foi sancionado pelo ent\u00e3o presidente Lula, em 2013, de acordo com relat\u00f3rio do Mapa da Viol\u00eancia 2015, divulgado em maio.<\/h3>\n<div style=\"width: 595px\" class=\"wp-caption alignleft\"><img loading=\"lazy\" src=\"http:\/\/i0.statig.com.br\/bancodeimagens\/8s\/gy\/br\/8sgybr7u3dfbow5nk3s98ovew.jpg\" alt=\"O deputado Peninha Mendon\u00e7a, autor do PL: para ele, \" width=\"585\" height=\"367\" \/><p class=\"wp-caption-text\">O deputado Peninha Mendon\u00e7a, autor do PL: para ele, &#8220;acidentes com armas acontecem&#8221;<\/p><\/div>\n<h3 class=\" \" style=\"text-align: justify;\">\u201cTodos aqui j\u00e1 tiveram 21 anos e sabem que, nesta idade, os horm\u00f4nios promovem mudan\u00e7as no nosso organismo e nos faz ter rea\u00e7\u00f5es mais impulsivas\u201d, ressaltou Molon. \u201cAmpliar o acesso \u00e0s armas vai trazer mais assassinatos e n\u00e3o reduzir o n\u00famero de homic\u00eddios no Pa\u00eds.\u201d<\/h3>\n<h3 style=\"text-align: justify;\">A aprova\u00e7\u00e3o do texto-base foi por 19 votos a 8 \u2013 a \u00edntegra da proposta deve ser votada na pr\u00f3xima ter\u00e7a-feira (3). Caso passe na \u00edntegra pela comiss\u00e3o, o texto seguir\u00e1 para o Plen\u00e1rio da C\u00e2mara antes de passar pelo Senado e ir para san\u00e7\u00e3o presidencial. Boa parte dos integrantes do grupo votante tem rela\u00e7\u00e3o com a ind\u00fastria armamentista, de acordo com levantamentos do Instituto Sou da Paz.<\/h3>\n<p><!--more--><\/p>\n<h3 style=\"text-align: justify;\">&#8220;Um dos maiores avan\u00e7os do Estatuto foi a proibi\u00e7\u00e3o do porte de armas para civis. A rea\u00e7\u00e3o armada a assaltos \u00e9, em geral, mal-sucedida. Mesmo policiais treinados morrem reagindo&#8221;, avalia Bruno Langeani, coordenador de Sistemas de Justi\u00e7a e Seguran\u00e7a P\u00fablica do Sou da Paz. &#8220;Todos os especialistas em seguran\u00e7a p\u00fablica concordam com isso. E a forma como a ind\u00fastria apela para dizer que o porte leva seguran\u00e7a ao portador \u00e9 um conceito muito falso.&#8221;<\/h3>\n<h3 style=\"text-align: justify;\">A proposta de Carvalho \u00e9 que, com o novo texto, o Estatuto do Desarmamento mude de nome para Estatuto de Controle de Armas de Fogo no Brasil.<\/h3>\n","protected":false},"excerpt":{"rendered":"<p>De autoria do relator Laud\u00edvio Carvalho, texto criticado por especialistas visa a derrubar o Estatuto do Desarmamento Deputados federais da Comiss\u00e3o Especial da C\u00e2mara que visa a derrubar o atual Estatuto do Desarmamento aprovaram o texto-base do Projeto de Lei relatado por Laud\u00edvio Carvalho, nesta ter\u00e7a-feira (27), em Bras\u00edlia. De autoria do deputado Rog\u00e9rio Peninha [&hellip;]<\/p>\n","protected":false},"author":2,"featured_media":0,"comment_status":"open","ping_status":"open","sticky":false,"template":"","format":"standard","meta":{"_links_to":"","_links_to_target":""},"categories":[70,1,8,7],"tags":[],"_links":{"self":[{"href":"https:\/\/www.blogdotarugao.com.br\/v1\/wp-json\/wp\/v2\/posts\/44265"}],"collection":[{"href":"https:\/\/www.blogdotarugao.com.br\/v1\/wp-json\/wp\/v2\/posts"}],"about":[{"href":"https:\/\/www.blogdotarugao.com.br\/v1\/wp-json\/wp\/v2\/types\/post"}],"author":[{"embeddable":true,"href":"https:\/\/www.blogdotarugao.com.br\/v1\/wp-json\/wp\/v2\/users\/2"}],"replies":[{"embeddable":true,"href":"https:\/\/www.blogdotarugao.com.br\/v1\/wp-json\/wp\/v2\/comments?post=44265"}],"version-history":[{"count":1,"href":"https:\/\/www.blogdotarugao.com.br\/v1\/wp-json\/wp\/v2\/posts\/44265\/revisions"}],"predecessor-version":[{"id":44268,"href":"https:\/\/www.blogdotarugao.com.br\/v1\/wp-json\/wp\/v2\/posts\/44265\/revisions\/44268"}],"wp:attachment":[{"href":"https:\/\/www.blogdotarugao.com.br\/v1\/wp-json\/wp\/v2\/media?parent=44265"}],"wp:term":[{"taxonomy":"category","embeddable":true,"href":"https:\/\/www.blogdotarugao.com.br\/v1\/wp-json\/wp\/v2\/categories?post=44265"},{"taxonomy":"post_tag","embeddable":true,"href":"https:\/\/www.blogdotarugao.com.br\/v1\/wp-json\/wp\/v2\/tags?post=44265"}],"curies":[{"name":"wp","href":"https:\/\/api.w.org\/{rel}","templated":true}]}}