{"id":44331,"date":"2015-10-28T23:59:08","date_gmt":"2015-10-29T02:59:08","guid":{"rendered":"http:\/\/www.blogdotarugao.com.br\/v1\/?p=44331"},"modified":"2015-10-29T07:26:06","modified_gmt":"2015-10-29T10:26:06","slug":"questionada-sobre-as-creches-paradas-a-secretaria-de-educacao-sibely-nery-diz-so-lamento","status":"publish","type":"post","link":"https:\/\/www.blogdotarugao.com.br\/v1\/2015\/10\/28\/questionada-sobre-as-creches-paradas-a-secretaria-de-educacao-sibely-nery-diz-so-lamento\/","title":{"rendered":"QUESTIONADA SOBRE AS &#8220;CRECHES PARADAS&#8221; A SECRET\u00c1RIA DE EDUCA\u00c7\u00c3O SIBELY NERY DIZ, S\u00d3 LAMENTO"},"content":{"rendered":"<h3 style=\"text-align: justify;\"><img loading=\"lazy\" class=\"  wp-image-44360 alignleft\" src=\"http:\/\/www.blogdotarugao.com.br\/v1\/wp-content\/uploads\/2015\/10\/Sibele-Nery-1.jpg\" alt=\"Sibele Nery 1\" width=\"585\" height=\"1040\" srcset=\"https:\/\/www.blogdotarugao.com.br\/v1\/wp-content\/uploads\/2015\/10\/Sibele-Nery-1.jpg 540w, https:\/\/www.blogdotarugao.com.br\/v1\/wp-content\/uploads\/2015\/10\/Sibele-Nery-1-169x300.jpg 169w\" sizes=\"(max-width: 585px) 100vw, 585px\" \/>Na noite desta quarta-feira (28) por volta de 19:30hs, a Secret\u00e1ria de Educa\u00e7\u00e3o Sibele Nery, que foi convidada atrav\u00e9s do requerimento 037\/2015 do Vereador Alfredo Cabral de Assis, compareceu a C\u00e2mara de Vereadores para prestar esclarecimentos em rela\u00e7\u00e3o aos problemas relacionados a Educa\u00e7\u00e3o do Munic\u00edpio.<\/h3>\n<h3 style=\"text-align: justify;\">Sibele Nery falou sobre algumas a\u00e7\u00f5es que a Secretaria de Educa\u00e7\u00e3o vem desenvolvend0, onde realmente ficou claro e evidente, que, o que ela sabe fazer mesmo \u00e9 &#8220;maquiar&#8221;.<\/h3>\n<h3 style=\"text-align: justify;\">Sal\u00e1rios atrasados, falta de Transporte Escolar, onde alunos ficaram at\u00e9 15 dias sem aula, Quadra Esportiva que j\u00e1 deveria est\u00e1 pronta no col\u00e9gio Ismael Cruz no Am\u00e9rico Nogueira, \u00a0que iria servir para os alunos e comunidade de modo geral, onde a mesma era para est\u00e1 conclu\u00edda desde o ano de 2013.<\/h3>\n<h3 style=\"text-align: justify;\">Sem falar nas Duas Creches, sendo uma na Vila Suzano\/Vila Riach\u00e3o e outra no Residencial 12 de Dezembro, as quais j\u00e1 deveriam est\u00e1 prontas, mas infelizmente as mesmas continuam paradas e as crian\u00e7as e m\u00e3es, s\u00f3 vem sofrendo e muito.<\/h3>\n<h3 style=\"text-align: justify;\">\u00c9 dif\u00edcil ver uma m\u00e3e com uma crian\u00e7a nos bra\u00e7os e mais duas seguradas pelas m\u00e3os, atravessarem a avenida J\u00falio Jos\u00e9 Rodrigues, colocando suas vidas em risco todos os dias.<img loading=\"lazy\" class=\" wp-image-44332 alignleft\" src=\"http:\/\/www.blogdotarugao.com.br\/v1\/wp-content\/uploads\/2015\/10\/placa-de-creches.jpg\" alt=\"placa de creches\" width=\"585\" height=\"440\" srcset=\"https:\/\/www.blogdotarugao.com.br\/v1\/wp-content\/uploads\/2015\/10\/placa-de-creches.jpg 500w, https:\/\/www.blogdotarugao.com.br\/v1\/wp-content\/uploads\/2015\/10\/placa-de-creches-300x225.jpg 300w\" sizes=\"(max-width: 585px) 100vw, 585px\" \/><\/h3>\n<h3 style=\"text-align: justify;\">Questionada pelo Vereador Tarug\u00e3o sobre as creches que n\u00e3o foram conclu\u00eddas e que a Secret\u00e1ria Sibele Nery, prometeu em programa de r\u00e1dio e tamb\u00e9m em blogs, que estariam prontas e seriam entregues a popula\u00e7\u00e3o no fim do ano passado, em \u00a0&#8220;um tom talvez at\u00e9 debochado&#8221;, ela respondeu o seguinte: &#8216;S\u00f3 Lamento&#8217;.<\/h3>\n","protected":false},"excerpt":{"rendered":"<p>Na noite desta quarta-feira (28) por volta de 19:30hs, a Secret\u00e1ria de Educa\u00e7\u00e3o Sibele Nery, que foi convidada atrav\u00e9s do requerimento 037\/2015 do Vereador Alfredo Cabral de Assis, compareceu a C\u00e2mara de Vereadores para prestar esclarecimentos em rela\u00e7\u00e3o aos problemas relacionados a Educa\u00e7\u00e3o do Munic\u00edpio. Sibele Nery falou sobre algumas a\u00e7\u00f5es que a Secretaria de [&hellip;]<\/p>\n","protected":false},"author":2,"featured_media":0,"comment_status":"open","ping_status":"open","sticky":false,"template":"","format":"standard","meta":{"_links_to":"","_links_to_target":""},"categories":[6,70,13,1,7,3],"tags":[],"_links":{"self":[{"href":"https:\/\/www.blogdotarugao.com.br\/v1\/wp-json\/wp\/v2\/posts\/44331"}],"collection":[{"href":"https:\/\/www.blogdotarugao.com.br\/v1\/wp-json\/wp\/v2\/posts"}],"about":[{"href":"https:\/\/www.blogdotarugao.com.br\/v1\/wp-json\/wp\/v2\/types\/post"}],"author":[{"embeddable":true,"href":"https:\/\/www.blogdotarugao.com.br\/v1\/wp-json\/wp\/v2\/users\/2"}],"replies":[{"embeddable":true,"href":"https:\/\/www.blogdotarugao.com.br\/v1\/wp-json\/wp\/v2\/comments?post=44331"}],"version-history":[{"count":5,"href":"https:\/\/www.blogdotarugao.com.br\/v1\/wp-json\/wp\/v2\/posts\/44331\/revisions"}],"predecessor-version":[{"id":44373,"href":"https:\/\/www.blogdotarugao.com.br\/v1\/wp-json\/wp\/v2\/posts\/44331\/revisions\/44373"}],"wp:attachment":[{"href":"https:\/\/www.blogdotarugao.com.br\/v1\/wp-json\/wp\/v2\/media?parent=44331"}],"wp:term":[{"taxonomy":"category","embeddable":true,"href":"https:\/\/www.blogdotarugao.com.br\/v1\/wp-json\/wp\/v2\/categories?post=44331"},{"taxonomy":"post_tag","embeddable":true,"href":"https:\/\/www.blogdotarugao.com.br\/v1\/wp-json\/wp\/v2\/tags?post=44331"}],"curies":[{"name":"wp","href":"https:\/\/api.w.org\/{rel}","templated":true}]}}