{"id":44603,"date":"2015-11-02T23:33:38","date_gmt":"2015-11-03T02:33:38","guid":{"rendered":"http:\/\/www.blogdotarugao.com.br\/v1\/?p=44603"},"modified":"2015-11-03T11:08:15","modified_gmt":"2015-11-03T14:08:15","slug":"cantor-e-compositor-jua-da-bahia-sofre-derrame-facial-e-esta-internado-no-hcr-sob-cuidados-medicos","status":"publish","type":"post","link":"https:\/\/www.blogdotarugao.com.br\/v1\/2015\/11\/02\/cantor-e-compositor-jua-da-bahia-sofre-derrame-facial-e-esta-internado-no-hcr-sob-cuidados-medicos\/","title":{"rendered":"CANTOR E COMPOSITOR JU\u00c1 DA BAHIA SOFRE DERRAME FACIAL E EST\u00c1 INTERNADO NO HCR SOB CUIDADOS M\u00c9DICOS"},"content":{"rendered":"<h3 style=\"text-align: justify;\"><img loading=\"lazy\" class=\"  wp-image-44604 alignleft\" src=\"http:\/\/www.blogdotarugao.com.br\/v1\/wp-content\/uploads\/2015\/11\/JU\u00c1-DA-BAHIA.jpg\" alt=\"JU\u00c1 DA BAHIA\" width=\"585\" height=\"389\" srcset=\"https:\/\/www.blogdotarugao.com.br\/v1\/wp-content\/uploads\/2015\/11\/JU\u00c1-DA-BAHIA.jpg 600w, https:\/\/www.blogdotarugao.com.br\/v1\/wp-content\/uploads\/2015\/11\/JU\u00c1-DA-BAHIA-300x200.jpg 300w\" sizes=\"(max-width: 585px) 100vw, 585px\" \/>No in\u00edcio da noite deste domingo (01) um dos grandes nomes da m\u00fasica de Itapetinga, Regi\u00e3o Sudoeste e Bahia, o nosso querido \u201cJu\u00e1 da Bahia\u201d, passou mal e deu entrada na UPA (Unidade de Pronto Atendimento), assim que chegou foi imediatamente encaminhado para o Hospital Cristo Redentor\/FJS.<\/h3>\n<h3 style=\"text-align: justify;\">Juarez Rocha de 55 anos, estava em sua resid\u00eancia no momento que come\u00e7ou a se sentir mal. segundo informa\u00e7\u00f5es levantadas pela nossa reda\u00e7\u00e3o, ele sofreu um leve derrame facial e est\u00e1 sendo acompanhado pelo M\u00e9dico Cardiologista \u00a0Dr. Silvio Macedo.<\/h3>\n<h3 style=\"text-align: justify;\">Ju\u00e1 da Bahia segue internado, seu quadro \u00e9 est\u00e1vel e dever\u00e1 passar por exames e procedimentos para uma melhor recupera\u00e7\u00e3o.<\/h3>\n<h3 style=\"text-align: justify;\">Ju\u00e1 da Bahia \u00e9 Compositor, Cantor e Tocador. Tem um grande n\u00famero de f\u00e3s em toda Bahia, sendo considerado um dos grandes nomes da m\u00fasica no Norte\/Nordeste.<\/h3>\n<h3 style=\"text-align: justify;\">Que Deus lhe proteja e restabele\u00e7a sua sa\u00fade o mais r\u00e1pido poss\u00edvel!<\/h3>\n<h3 style=\"text-align: justify;\">F\u00e9 e For\u00e7a Ju\u00e1 da Bahia, Tamo Junto!<\/h3>\n","protected":false},"excerpt":{"rendered":"<p>No in\u00edcio da noite deste domingo (01) um dos grandes nomes da m\u00fasica de Itapetinga, Regi\u00e3o Sudoeste e Bahia, o nosso querido \u201cJu\u00e1 da Bahia\u201d, passou mal e deu entrada na UPA (Unidade de Pronto Atendimento), assim que chegou foi imediatamente encaminhado para o Hospital Cristo Redentor\/FJS. Juarez Rocha de 55 anos, estava em sua [&hellip;]<\/p>\n","protected":false},"author":2,"featured_media":0,"comment_status":"open","ping_status":"open","sticky":false,"template":"","format":"standard","meta":{"_links_to":"","_links_to_target":""},"categories":[6,70,2,1,12],"tags":[],"_links":{"self":[{"href":"https:\/\/www.blogdotarugao.com.br\/v1\/wp-json\/wp\/v2\/posts\/44603"}],"collection":[{"href":"https:\/\/www.blogdotarugao.com.br\/v1\/wp-json\/wp\/v2\/posts"}],"about":[{"href":"https:\/\/www.blogdotarugao.com.br\/v1\/wp-json\/wp\/v2\/types\/post"}],"author":[{"embeddable":true,"href":"https:\/\/www.blogdotarugao.com.br\/v1\/wp-json\/wp\/v2\/users\/2"}],"replies":[{"embeddable":true,"href":"https:\/\/www.blogdotarugao.com.br\/v1\/wp-json\/wp\/v2\/comments?post=44603"}],"version-history":[{"count":2,"href":"https:\/\/www.blogdotarugao.com.br\/v1\/wp-json\/wp\/v2\/posts\/44603\/revisions"}],"predecessor-version":[{"id":44606,"href":"https:\/\/www.blogdotarugao.com.br\/v1\/wp-json\/wp\/v2\/posts\/44603\/revisions\/44606"}],"wp:attachment":[{"href":"https:\/\/www.blogdotarugao.com.br\/v1\/wp-json\/wp\/v2\/media?parent=44603"}],"wp:term":[{"taxonomy":"category","embeddable":true,"href":"https:\/\/www.blogdotarugao.com.br\/v1\/wp-json\/wp\/v2\/categories?post=44603"},{"taxonomy":"post_tag","embeddable":true,"href":"https:\/\/www.blogdotarugao.com.br\/v1\/wp-json\/wp\/v2\/tags?post=44603"}],"curies":[{"name":"wp","href":"https:\/\/api.w.org\/{rel}","templated":true}]}}