{"id":44737,"date":"2015-11-04T09:41:05","date_gmt":"2015-11-04T12:41:05","guid":{"rendered":"http:\/\/www.blogdotarugao.com.br\/v1\/?p=44737"},"modified":"2015-11-05T13:35:52","modified_gmt":"2015-11-05T16:35:52","slug":"bancada-de-oposicao-fiscaliza-obras-paradas-em-conquista%e2%80%8f","status":"publish","type":"post","link":"https:\/\/www.blogdotarugao.com.br\/v1\/2015\/11\/04\/bancada-de-oposicao-fiscaliza-obras-paradas-em-conquista%e2%80%8f\/","title":{"rendered":"BANCADA DE OPOSI\u00c7\u00c3O FISCALIZA OBRAS PARADAS EM CONQUISTA\u200f"},"content":{"rendered":"<h3 dir=\"ltr\" style=\"text-align: justify;\"><b><img loading=\"lazy\" class=\"  wp-image-44738 alignleft\" src=\"http:\/\/www.blogdotarugao.com.br\/v1\/wp-content\/uploads\/2015\/11\/FOTO-ICMS-2-1.jpg\" alt=\"FOTO ICMS 2 (1)\" width=\"585\" height=\"438\" srcset=\"https:\/\/www.blogdotarugao.com.br\/v1\/wp-content\/uploads\/2015\/11\/FOTO-ICMS-2-1.jpg 640w, https:\/\/www.blogdotarugao.com.br\/v1\/wp-content\/uploads\/2015\/11\/FOTO-ICMS-2-1-300x225.jpg 300w\" sizes=\"(max-width: 585px) 100vw, 585px\" \/>Oposi\u00e7\u00e3o desembarca nesta quinta em Conquista para fiscalizar obras paradas<\/b><\/h3>\n<h3 dir=\"ltr\" style=\"text-align: justify;\"><span style=\"color: #000000; font-family: Tahoma, sans-serif;\">A bancada de oposi\u00e7\u00e3o na Assembleia Legislativa da Bahia desembarca nesta quinta-feira, 5, em Vit\u00f3ria da Conquista, para cumprir mais uma agenda de fiscaliza\u00e7\u00e3o das obras paradas do Estado, prometidas desde a gest\u00e3o de Jaques Wagner e que n\u00e3o avan\u00e7aram no governo de continuidade de Rui Costa. O objetivo do p\u00e9riplo que seguir\u00e1 um roteiro tra\u00e7ado pelo deputado da regi\u00e3o e anfitri\u00e3o da visita, Herzem Gusm\u00e3o (PMDB), \u00e9 checar <i>in loco<\/i> o andamento dessas obras, denunciar o abandono, o descaso com os recursos p\u00fablicos e pedir provid\u00eancias ao Minist\u00e9rio P\u00fablico. A Agenda estabelecida pela oposi\u00e7\u00e3o foi iniciada no m\u00eas de agosto nos munic\u00edpios de Ilh\u00e9us e Itabuna, onde os deputados constataram um cen\u00e1rio de desola\u00e7\u00e3o e abandono nos canteiros onde as obras deveriam estar sendo executadas, a maioria reconhecidamente essencial para a popula\u00e7\u00e3o local, a exemplo da ponte Ilh\u00e9us-Pontal, da reforma do Hospital Luiz Viana Filho e da barragem do Rio Col\u00f4nia.<\/span><\/h3>\n<h3 dir=\"ltr\" style=\"text-align: justify;\"><span style=\"font-family: Tahoma, sans-serif;\">Para a visita de fiscaliza\u00e7\u00e3o em Vit\u00f3ria da Conquista, 12 dos parlamentares que congregam a bancada oposicionista j\u00e1 confirmaram presen\u00e7a, incluindo o l\u00edder do bloco, deputado Sandro R\u00e9gis (DEM). &#8220;Temos a obriga\u00e7\u00e3o de cumprir o papel para o qual fomos eleitos, que \u00e9 o de acompanhar, fiscalizar e cobrar as a\u00e7\u00f5es do Executivo em benef\u00edcio da sociedade&#8221;, observou R\u00e9gis, frisando que a paralisa\u00e7\u00e3o de obras importantes nos diversos munic\u00edpios vem gerando o sentimento de revolta entre a popula\u00e7\u00e3o e a clareza de que tratavam-se de promessas puramente eleitoreiras, anunciadas e propagadas amplamente ainda no governo Wagner e durante a campanha eleitoral do atual governador Rui Costa. &#8220;O povo baiano n\u00e3o aceita ser iludido e agora quer a efetiva\u00e7\u00e3o dessas promessas&#8221;, refor\u00e7ou o deputado Herzem Gusm\u00e3o, pol\u00edtico reconhecido no munic\u00edpio e de grande influ\u00eancia na regi\u00e3o. Segundo informou, entre as obras a serem checadas est\u00e3o a amplia\u00e7\u00e3o e melhorias do Hospital Geral de Conquista, a constru\u00e7\u00e3o da UPA do Hospital de Base e o novo pres\u00eddio do munic\u00edpio, cujas instala\u00e7\u00f5es com capacidade para acolher cerca de 800 detentos encontram-se ociosas pela absoluta aus\u00eancia de licita\u00e7\u00e3o para a contrata\u00e7\u00e3o da empresa que administrar\u00e1 o complexo. Al\u00e9m do roteiro de fiscaliza\u00e7\u00e3o os parlamentares cumprir\u00e3o agenda de entrevistas nos ve\u00edculos locais, come\u00e7ando com uma coletiva na chegada ao aeroporto de Conquista, \u00e0s 9:00 horas.<img loading=\"lazy\" class=\"  wp-image-44739 alignleft\" src=\"http:\/\/www.blogdotarugao.com.br\/v1\/wp-content\/uploads\/2015\/11\/FOTO-ICMS-2.jpg\" alt=\"FOTO ICMS 2\" width=\"585\" height=\"438\" srcset=\"https:\/\/www.blogdotarugao.com.br\/v1\/wp-content\/uploads\/2015\/11\/FOTO-ICMS-2.jpg 640w, https:\/\/www.blogdotarugao.com.br\/v1\/wp-content\/uploads\/2015\/11\/FOTO-ICMS-2-300x225.jpg 300w\" sizes=\"(max-width: 585px) 100vw, 585px\" \/><\/span><\/h3>\n<div dir=\"ltr\">\n<h3 style=\"text-align: justify;\" align=\"LEFT\"><span style=\"color: #000000;\"><span style=\"font-family: 'Times New Roman', sans-serif;\"><span style=\"font-size: medium;\"><b><u>VEJA AS OBRAS PARALISADAS EM VIT\u00d3RIA DA CONQUISTA<\/u><\/b><\/span><\/span><\/span><\/h3>\n<ul style=\"text-align: justify;\">\n<li>\n<h3><span style=\"color: #222222;\"><span style=\"font-size: large;\"><u><b>Novo Aeroporto<\/b><\/u><\/span><\/span><\/h3>\n<\/li>\n<\/ul>\n<h3 style=\"text-align: justify;\">Com campanhas iniciadas desde mar\u00e7o de 2009, a ordem de servi\u00e7o para a constru\u00e7\u00e3o foi assinada em fevereiro de 2013, com previs\u00e3o de conclus\u00e3o em 2015. Consta que a pista de pouso e taxiamento das aeronaves est\u00e3o prontas, contudo a obra do terminal de passageiros n\u00e3o tem previs\u00e3o de conclus\u00e3o, alegando-se falta de verba. N\u00e3o h\u00e1 projeto nem licita\u00e7\u00e3o.<\/h3>\n<h3 style=\"text-align: justify;\"><span style=\"color: #222222;\"><b><span style=\"font-size: xx-large;\">.<\/span><\/b>\u00a0<\/span><u><b>Hospital de Base e UPA do Hospital de Base<\/b><\/u><\/h3>\n<h3 style=\"text-align: justify;\">Em junho de 2012 o secret\u00e1rio de Sa\u00fade da Bahia, Jorge Solla, anunciou melhorias para o Hospital Geral de Vit\u00f3ria de Conquista e a constru\u00e7\u00e3o de uma UPA. Promessas \u00a0que n\u00e3o avan\u00e7aram.<\/h3>\n<ul style=\"text-align: justify;\">\n<li>\n<h3><span style=\"color: #222222;\"><span style=\"font-size: large;\"><u><b>UPA da Patag\u00f4nia<\/b><\/u><\/span><\/span><\/h3>\n<\/li>\n<\/ul>\n<h3 style=\"text-align: justify;\">A UPA do Patag\u00f4nia, que disponibilizaria at\u00e9 12 leitos de observa\u00e7\u00e3o e atenderia at\u00e9 300 pacientes por dia, deveria ser inaugurada no m\u00eas de fevereiro de 2010.\u00a0 R$2 milh\u00f5es investidos segundo a imprensa local. Consta no site do Minist\u00e9rio da Sa\u00fade a libera\u00e7\u00e3o dos recursos.<\/h3>\n<ul style=\"text-align: justify;\">\n<li>\n<h3><span style=\"color: #222222;\"><span style=\"font-size: large;\"><u><b>UPA do Bruno Bacelar<\/b><\/u><\/span><\/span><\/h3>\n<\/li>\n<\/ul>\n<h3 style=\"text-align: justify;\">A UPA do bairro Senhorinha Cairo foi prometida para janeiro de 2014 e, assim como a do Patag\u00f4nia, teria a mesma quantidade de leitos e atendimentos di\u00e1rios, mas n\u00e3o saiu do papel.<\/h3>\n<ul style=\"text-align: justify;\">\n<li>\n<h3><span style=\"color: #222222;\"><span style=\"font-size: large;\"><u><b>BahiaFarma<\/b><\/u><\/span><\/span><\/h3>\n<\/li>\n<\/ul>\n<h3 style=\"text-align: justify;\">Obra do laborat\u00f3rio oficial de medicamentos, com previs\u00e3o de entrar em \u00a0opera\u00e7\u00e3o em 2012 e gerar 200 empregos. Anunciada em junho de 2011 pelo\u00a0Minist\u00e9rio da Sa\u00fade, num evento do governo do estado, em Salvador. Mas na \u00e1rea onde o laborat\u00f3rio seria constru\u00eddo n\u00e3o h\u00e1 trabalhadores e o local se encontra tomado pelo matagal.<\/h3>\n<ul style=\"text-align: justify;\">\n<li>\n<h3><span style=\"color: #222222;\"><span style=\"font-size: large;\"><u><b>Presidio<\/b><\/u><\/span><\/span><\/h3>\n<\/li>\n<\/ul>\n<h3 style=\"text-align: justify;\">A obra do novo pres\u00eddio de Vit\u00f3ria da Conquista foi or\u00e7ada inicialmente em R$16 milh\u00f5es. Entretanto, o valor do investimento saltou para R$ 33 milh\u00f5es. As instala\u00e7\u00f5es com capacidade para cerca de 800 detentos est\u00e3o prontas, mas ociosas. N\u00e3o h\u00e1 previs\u00e3o de inaugura\u00e7\u00e3o porque a licita\u00e7\u00e3o para escolha da empresa que ir\u00e1 administrar o novo pres\u00eddio n\u00e3o foi efetivada.<\/h3>\n<h3 style=\"text-align: justify;\"><span style=\"color: #222222; font-size: xx-large;\"><b>\u00a0.\u00a0<\/b><\/span><u><b>Centro de Cultura<\/b><\/u><\/h3>\n<h3 style=\"text-align: justify;\">O Centro de\u00a0 Cultura foi, interditado pelo Minist\u00e9rio P\u00fablico do Estado em setembro de 2013 por problemas referentes \u00e0 acessibilidade e combate a inc\u00eandio. Foram empregados R$ 320 mil em uma pequena reforma na parte el\u00e9trica mas n\u00e3o foi suficiente para a reabertura do equipamento.<\/h3>\n<\/div>\n","protected":false},"excerpt":{"rendered":"<p>Oposi\u00e7\u00e3o desembarca nesta quinta em Conquista para fiscalizar obras paradas A bancada de oposi\u00e7\u00e3o na Assembleia Legislativa da Bahia desembarca nesta quinta-feira, 5, em Vit\u00f3ria da Conquista, para cumprir mais uma agenda de fiscaliza\u00e7\u00e3o das obras paradas do Estado, prometidas desde a gest\u00e3o de Jaques Wagner e que n\u00e3o avan\u00e7aram no governo de continuidade de [&hellip;]<\/p>\n","protected":false},"author":2,"featured_media":0,"comment_status":"open","ping_status":"open","sticky":false,"template":"","format":"standard","meta":{"_links_to":"","_links_to_target":""},"categories":[6,70,1,7],"tags":[],"_links":{"self":[{"href":"https:\/\/www.blogdotarugao.com.br\/v1\/wp-json\/wp\/v2\/posts\/44737"}],"collection":[{"href":"https:\/\/www.blogdotarugao.com.br\/v1\/wp-json\/wp\/v2\/posts"}],"about":[{"href":"https:\/\/www.blogdotarugao.com.br\/v1\/wp-json\/wp\/v2\/types\/post"}],"author":[{"embeddable":true,"href":"https:\/\/www.blogdotarugao.com.br\/v1\/wp-json\/wp\/v2\/users\/2"}],"replies":[{"embeddable":true,"href":"https:\/\/www.blogdotarugao.com.br\/v1\/wp-json\/wp\/v2\/comments?post=44737"}],"version-history":[{"count":2,"href":"https:\/\/www.blogdotarugao.com.br\/v1\/wp-json\/wp\/v2\/posts\/44737\/revisions"}],"predecessor-version":[{"id":44741,"href":"https:\/\/www.blogdotarugao.com.br\/v1\/wp-json\/wp\/v2\/posts\/44737\/revisions\/44741"}],"wp:attachment":[{"href":"https:\/\/www.blogdotarugao.com.br\/v1\/wp-json\/wp\/v2\/media?parent=44737"}],"wp:term":[{"taxonomy":"category","embeddable":true,"href":"https:\/\/www.blogdotarugao.com.br\/v1\/wp-json\/wp\/v2\/categories?post=44737"},{"taxonomy":"post_tag","embeddable":true,"href":"https:\/\/www.blogdotarugao.com.br\/v1\/wp-json\/wp\/v2\/tags?post=44737"}],"curies":[{"name":"wp","href":"https:\/\/api.w.org\/{rel}","templated":true}]}}