{"id":44840,"date":"2015-11-06T11:48:48","date_gmt":"2015-11-06T14:48:48","guid":{"rendered":"http:\/\/www.blogdotarugao.com.br\/v1\/?p=44840"},"modified":"2015-11-06T11:48:48","modified_gmt":"2015-11-06T14:48:48","slug":"oposicao-vai-denunciar-ao-mp-desperdicio-e-descaso-do-governo-com-as-obras-paradas","status":"publish","type":"post","link":"https:\/\/www.blogdotarugao.com.br\/v1\/2015\/11\/06\/oposicao-vai-denunciar-ao-mp-desperdicio-e-descaso-do-governo-com-as-obras-paradas\/","title":{"rendered":"Oposi\u00e7\u00e3o vai denunciar ao MP desperd\u00edcio  e descaso do governo com as obras paradas"},"content":{"rendered":"<h3 style=\"text-align: justify;\"><img loading=\"lazy\" class=\"  wp-image-44841 alignleft\" src=\"http:\/\/www.blogdotarugao.com.br\/v1\/wp-content\/uploads\/2015\/11\/gusm\u00e3o1.jpg\" alt=\"gusm\u00e3o1\" width=\"583\" height=\"350\" srcset=\"https:\/\/www.blogdotarugao.com.br\/v1\/wp-content\/uploads\/2015\/11\/gusm\u00e3o1.jpg 500w, https:\/\/www.blogdotarugao.com.br\/v1\/wp-content\/uploads\/2015\/11\/gusm\u00e3o1-300x180.jpg 300w\" sizes=\"(max-width: 583px) 100vw, 583px\" \/>Depois de quase sete horas de p\u00e9riplo por obras inacabadas do governo, em Vit\u00f3ria da Conquista, a bancada de oposi\u00e7\u00e3o na Assembleia Legislativa deixou claro que pedir\u00e1 provid\u00eancias imediatas ao Minist\u00e9rio P\u00fablico contra o que chamou de desperd\u00edcio dos recursos p\u00fablicos e descaso com as necessidades e anseios da popula\u00e7\u00e3o. O l\u00edder da bancada, deputado Sandro R\u00e9gis (DEM) que coordenou a visita de fiscaliza\u00e7\u00e3o junto com o deputado da regi\u00e3o, Herzem Gusm\u00e3o (PMDB), adiantou que uma audi\u00eancia com o procurador chefe do MP para relatar o cen\u00e1rio de abandono das obras e os preju\u00edzos que isso implica para os cofres p\u00fablicos, j\u00e1 est\u00e1 sendo agendada. O roteiro &#8211; iniciado pelas obras paralisadas do aeroporto de Conquista -, incluiu o novo pres\u00eddio do munic\u00edpio, complexo finalizado mas ainda sem funcionalidade, al\u00e9m das obras paralisadas do laborat\u00f3rio Bahiafarma, do Centro de Cultura do munic\u00edpio, das UPAs do Hospital de Base e do bairro da Patag\u00f4nia, cujas obras n\u00e3o avan\u00e7am apesar dos R$ 2 milh\u00f5es de recursos liberados pelo Minist\u00e9rio da Sa\u00fade.<\/h3>\n<p><!--more--><\/p>\n<h3 style=\"text-align: justify;\">\u00a0&#8220;Constatamos mais uma vez o flagrante desperd\u00edcio dos recursos p\u00fablicos e o descaso do governo com o povo da da Bahia&#8221;, criticou o vice-l\u00edder da bancada, o democrata Pablo Barrozo, lembrando que trata-se de obras relevantes para a popula\u00e7\u00e3o, todas anunciadas com alarde desde o governo de Jaques Wagner e esquecidas ap\u00f3s a posse do atual governador, Rui Costa, que tamb\u00e9m utilizou as mesmas promessas durante sua campanha eleitoral.\u00a0 Os parlamentares constataram que o t\u00e3o esperado aeroporto de Conquista, anunciado desde 2012, ficou apenas na pista de pouso e taxiamento das aeronaves, etapa ainda em conclus\u00e3o. &#8221; No entorno n\u00e3o h\u00e1 qualquer estrutura que indique a constru\u00e7\u00e3o do terminal de passageiros e a informa\u00e7\u00e3o \u00e9 a de que n\u00e3o existe projeto e nem or\u00e7amento locado &#8220;, observou o l\u00edder do bloco DEM\/PV, Luciano Ribeiro. &#8220;Depois de tanto tempo de iniciada, o que vemos aqui \u00e9 um corpo sem cabe\u00e7a&#8221;, indignou-se o deputado Herzem Gusm\u00e3o.<\/h3>\n<h3 style=\"text-align: justify;\">As obras de constru\u00e7\u00e3o do laborat\u00f3rio Bahiafarma que deveria ter entrado em opera\u00e7\u00e3o desde 2012 e gerado cerca de 200 empregos, resume-se a um galp\u00e3o abandonado. &#8220;A promessa de reativar a ind\u00fastria de medicamento em Conquista foi mais uma engana\u00e7\u00e3o desse governo ao povo de Vit\u00f3ria da Conquista&#8221;, lamentou o l\u00edder do PMDB, Pedro Tavares. Os deputados se mostraram tamb\u00e9m impactados com a ociosidade do novo pres\u00eddio de Vit\u00f3ria da Conquista, com obra totalmente conclu\u00edda mas sem utiliza\u00e7\u00e3o. O pres\u00eddio, or\u00e7ado inicialmente em R$ 16 milh\u00f5es, custou aos cofres p\u00fablicos R$ 33 milh\u00f5es e est\u00e1 inativo, sem funcionar, apesar da capacidade acolher cerca de 800 detentos. &#8221; \u00c9 um absurdo constatar que existe um complexo na Bahia sem utiliza\u00e7\u00e3o enquanto a crise de vagas superlota todos os pres\u00eddios&#8221;, criticou o deputado Hild\u00e9cio Meirelles (PMDB), lembrando que os pres\u00eddios complementam o sistema de seguran\u00e7a p\u00fablica.<\/h3>\n<h3 style=\"text-align: justify;\">Na visita ao Hospital de Base, a comitiva detectou que as obras de amplia\u00e7\u00e3o da unidade n\u00e3o avan\u00e7am e que a UPA, com constru\u00e7\u00e3o praticamente pronta. n\u00e3o mostra sinais de implanta\u00e7\u00e3o ou inaugura\u00e7\u00e3o. Os deputados querem saber tamb\u00e9m onde foram investidos os R$ 2 milh\u00f5es liberados pelo Minist\u00e9rio da Sa\u00fade para a UPA da Patag\u00f4nia, que funciona improvisada e precariamente num pr\u00e9dio alugado. Herzem Gusm\u00e3o considerou a visita positiva e acredita nos resultados dessa interfer\u00eancia dos parlamentares. &#8220;E um presente para o munic\u00edpio que est\u00e1 completando 175 anos de emancipa\u00e7\u00e3o e merece, pela sua import\u00e2ncia hist\u00f3rica e econ\u00f4mica, melhor tratamento por parte do governo&#8221;, refletiu. Participaram tamb\u00e9m da agenda de fiscaliza\u00e7\u00e3o das obras os deputados Luciano Sim\u00f5es Filho (PMDB), Adolfo Viana (PSDB), o l\u00edder do bloco PRB\/PSC\/PSDB, Augusto Castro, Tom Ara\u00fajo (DEM) e Sidelvan N\u00f3brega (PRB).<\/h3>\n","protected":false},"excerpt":{"rendered":"<p>Depois de quase sete horas de p\u00e9riplo por obras inacabadas do governo, em Vit\u00f3ria da Conquista, a bancada de oposi\u00e7\u00e3o na Assembleia Legislativa deixou claro que pedir\u00e1 provid\u00eancias imediatas ao Minist\u00e9rio P\u00fablico contra o que chamou de desperd\u00edcio dos recursos p\u00fablicos e descaso com as necessidades e anseios da popula\u00e7\u00e3o. O l\u00edder da bancada, deputado [&hellip;]<\/p>\n","protected":false},"author":2,"featured_media":0,"comment_status":"open","ping_status":"open","sticky":false,"template":"","format":"standard","meta":{"_links_to":"","_links_to_target":""},"categories":[6,70,1,7],"tags":[],"_links":{"self":[{"href":"https:\/\/www.blogdotarugao.com.br\/v1\/wp-json\/wp\/v2\/posts\/44840"}],"collection":[{"href":"https:\/\/www.blogdotarugao.com.br\/v1\/wp-json\/wp\/v2\/posts"}],"about":[{"href":"https:\/\/www.blogdotarugao.com.br\/v1\/wp-json\/wp\/v2\/types\/post"}],"author":[{"embeddable":true,"href":"https:\/\/www.blogdotarugao.com.br\/v1\/wp-json\/wp\/v2\/users\/2"}],"replies":[{"embeddable":true,"href":"https:\/\/www.blogdotarugao.com.br\/v1\/wp-json\/wp\/v2\/comments?post=44840"}],"version-history":[{"count":1,"href":"https:\/\/www.blogdotarugao.com.br\/v1\/wp-json\/wp\/v2\/posts\/44840\/revisions"}],"predecessor-version":[{"id":44842,"href":"https:\/\/www.blogdotarugao.com.br\/v1\/wp-json\/wp\/v2\/posts\/44840\/revisions\/44842"}],"wp:attachment":[{"href":"https:\/\/www.blogdotarugao.com.br\/v1\/wp-json\/wp\/v2\/media?parent=44840"}],"wp:term":[{"taxonomy":"category","embeddable":true,"href":"https:\/\/www.blogdotarugao.com.br\/v1\/wp-json\/wp\/v2\/categories?post=44840"},{"taxonomy":"post_tag","embeddable":true,"href":"https:\/\/www.blogdotarugao.com.br\/v1\/wp-json\/wp\/v2\/tags?post=44840"}],"curies":[{"name":"wp","href":"https:\/\/api.w.org\/{rel}","templated":true}]}}