{"id":45180,"date":"2015-11-12T15:03:42","date_gmt":"2015-11-12T18:03:42","guid":{"rendered":"http:\/\/www.blogdotarugao.com.br\/v1\/?p=45180"},"modified":"2015-11-12T15:03:42","modified_gmt":"2015-11-12T18:03:42","slug":"estado-do-nordeste-decreta-estado-de-emergencia-por-surto-de-microcefalia","status":"publish","type":"post","link":"https:\/\/www.blogdotarugao.com.br\/v1\/2015\/11\/12\/estado-do-nordeste-decreta-estado-de-emergencia-por-surto-de-microcefalia\/","title":{"rendered":"Estado do Nordeste decreta estado de emerg\u00eancia por surto de microcefalia"},"content":{"rendered":"<h3 style=\"text-align: justify;\"><img loading=\"lazy\" class=\"  wp-image-45182 alignleft\" src=\"http:\/\/www.blogdotarugao.com.br\/v1\/wp-content\/uploads\/2015\/11\/Nennem-dodoi.jpg\" alt=\"Nennem dodoi\" width=\"585\" height=\"385\" srcset=\"https:\/\/www.blogdotarugao.com.br\/v1\/wp-content\/uploads\/2015\/11\/Nennem-dodoi.jpg 640w, https:\/\/www.blogdotarugao.com.br\/v1\/wp-content\/uploads\/2015\/11\/Nennem-dodoi-300x197.jpg 300w\" sizes=\"(max-width: 585px) 100vw, 585px\" \/>O Minist\u00e9rio da Sa\u00fade declarou emerg\u00eancia sanit\u00e1ria nacional, por causa de um surto, em Pernambuco, de nascimento de beb\u00eas com microcefalia, m\u00e1-forma\u00e7\u00e3o que causa s\u00e9rias defici\u00eancias de desenvolvimento. At\u00e9 o momento, foram notificados 141 casos em 55 cidades. A maioria foi registrada a partir de outubro e uma das suspeitas \u00e9 de liga\u00e7\u00e3o com o zika v\u00edrus.<\/h3>\n<h3 style=\"text-align: justify;\">O n\u00famero \u00e9 15 vezes superior \u00e0 m\u00e9dia do per\u00edodo 2010-2014, nove casos por ano. H\u00e1 ainda notifica\u00e7\u00f5es no Rio Grande do Norte e na Para\u00edba, mas em menores propor\u00e7\u00f5es. &#8220;N\u00e3o h\u00e1 registro de uma situa\u00e7\u00e3o como essa na hist\u00f3ria recente&#8221;, diz o diretor do Departamento de Vigil\u00e2ncia de Doen\u00e7as Transmiss\u00edveis do minist\u00e9rio, Cl\u00e1udio Maierovitch.<\/h3>\n<p><!--more--><\/p>\n<h3 style=\"text-align: justify;\">\u00c9 a primeira vez que o Brasil decreta situa\u00e7\u00e3o de emerg\u00eancia sanit\u00e1ria, desde que se definiram regras para o uso desse mecanismo, em 2011. Ela permite que governo dispense licita\u00e7\u00e3o para compras e contrata\u00e7\u00f5es e tamb\u00e9m facilite a cria\u00e7\u00e3o de grupos de investiga\u00e7\u00e3o. &#8220;A situa\u00e7\u00e3o exige toda nossa capacidade de resposta e o minist\u00e9rio n\u00e3o poupar\u00e1 esfor\u00e7os&#8221;, justificou o ministro da Sa\u00fade, Marcelo Castro.<\/h3>\n<h3 style=\"text-align: justify;\">Al\u00e9m de trabalhar com Estados e munic\u00edpios, o governo deve ter a colabora\u00e7\u00e3o de institutos de pesquisas internacionais, como o Centro de Controle de Doen\u00e7as (CDC), dos Estados Unidos, e o Instituto Pasteur, da Fran\u00e7a.<\/h3>\n<h3 style=\"text-align: justify;\"><b><strong style=\"font-style: inherit;\">Hip\u00f3teses<\/strong><\/b><\/h3>\n<h3 style=\"text-align: justify;\">Beb\u00eas com microcefalia nascem com per\u00edmetro cef\u00e1lico menor do que a m\u00e9dia. O problema pode ser provocado por uma s\u00e9rie de fatores, desde desnutri\u00e7\u00e3o da m\u00e3e e abuso de drogas, at\u00e9 infec\u00e7\u00f5es durante a gesta\u00e7\u00e3o, como rub\u00e9ola, toxoplasmose e citomegalov\u00edrus. Uma das hip\u00f3teses avaliadas pela equipe que investiga o surto \u00e9 a contamina\u00e7\u00e3o da m\u00e3e pelo zika.<\/h3>\n<h3 style=\"text-align: justify;\">Transmitido pelo Aedes aegypti, o mesmo mosquito que provoca a dengue, o v\u00edrus causa uma rea\u00e7\u00e3o que at\u00e9 agora era dada como de pouca import\u00e2ncia nos adultos: febre baixa, coceiras, manchas vermelhas pelo corpo. A doen\u00e7a chegou ao Brasil neste ano e atingiu principalmente Estados do Nordeste.<\/h3>\n<h3 style=\"text-align: justify;\">O aumento de casos de beb\u00eas com microcefalia coincide com o per\u00edodo em que gestantes poderiam ter tido contato com o v\u00edrus. No in\u00edcio do ano, Pernambuco enfrentou uma epidemia de dengue e zika. Foram 113.328 infec\u00e7\u00f5es no Estado, cinco vezes mais do que havia ocorrido em 2014.<\/h3>\n<h3 style=\"text-align: justify;\"><b><strong style=\"font-style: inherit;\">Doen\u00e7a infecciosa<\/strong><\/b><\/h3>\n<h3 style=\"text-align: justify;\">O minist\u00e9rio considera grandes as chances de que o expressivo aumento de nascimento de beb\u00eas com microcefalia esteja relacionado com uma doen\u00e7a infecciosa, transmitida por vetores (mosquitos). S\u00e3o duas as raz\u00f5es para isso: o aparecimento s\u00fabito (identificado a partir de agosto) de pacientes e o fato de os casos estarem espalhados por v\u00e1rias regi\u00f5es de Pernambuco. A situa\u00e7\u00e3o j\u00e1 foi levada \u00e0 Organiza\u00e7\u00e3o Pan-Americana de Sa\u00fade.<\/h3>\n<h3 style=\"text-align: justify;\">H\u00e1 duas semanas, um grupo da Vigil\u00e2ncia do Minist\u00e9rio da Sa\u00fade est\u00e1 no Estado. M\u00e3es e beb\u00eas est\u00e3o sendo submetidos a exames espec\u00edficos. Di\u00e1rio do Nordeste<\/h3>\n","protected":false},"excerpt":{"rendered":"<p>O Minist\u00e9rio da Sa\u00fade declarou emerg\u00eancia sanit\u00e1ria nacional, por causa de um surto, em Pernambuco, de nascimento de beb\u00eas com microcefalia, m\u00e1-forma\u00e7\u00e3o que causa s\u00e9rias defici\u00eancias de desenvolvimento. At\u00e9 o momento, foram notificados 141 casos em 55 cidades. A maioria foi registrada a partir de outubro e uma das suspeitas \u00e9 de liga\u00e7\u00e3o com o [&hellip;]<\/p>\n","protected":false},"author":2,"featured_media":0,"comment_status":"open","ping_status":"open","sticky":false,"template":"","format":"standard","meta":{"_links_to":"","_links_to_target":""},"categories":[70,1,12],"tags":[],"_links":{"self":[{"href":"https:\/\/www.blogdotarugao.com.br\/v1\/wp-json\/wp\/v2\/posts\/45180"}],"collection":[{"href":"https:\/\/www.blogdotarugao.com.br\/v1\/wp-json\/wp\/v2\/posts"}],"about":[{"href":"https:\/\/www.blogdotarugao.com.br\/v1\/wp-json\/wp\/v2\/types\/post"}],"author":[{"embeddable":true,"href":"https:\/\/www.blogdotarugao.com.br\/v1\/wp-json\/wp\/v2\/users\/2"}],"replies":[{"embeddable":true,"href":"https:\/\/www.blogdotarugao.com.br\/v1\/wp-json\/wp\/v2\/comments?post=45180"}],"version-history":[{"count":1,"href":"https:\/\/www.blogdotarugao.com.br\/v1\/wp-json\/wp\/v2\/posts\/45180\/revisions"}],"predecessor-version":[{"id":45183,"href":"https:\/\/www.blogdotarugao.com.br\/v1\/wp-json\/wp\/v2\/posts\/45180\/revisions\/45183"}],"wp:attachment":[{"href":"https:\/\/www.blogdotarugao.com.br\/v1\/wp-json\/wp\/v2\/media?parent=45180"}],"wp:term":[{"taxonomy":"category","embeddable":true,"href":"https:\/\/www.blogdotarugao.com.br\/v1\/wp-json\/wp\/v2\/categories?post=45180"},{"taxonomy":"post_tag","embeddable":true,"href":"https:\/\/www.blogdotarugao.com.br\/v1\/wp-json\/wp\/v2\/tags?post=45180"}],"curies":[{"name":"wp","href":"https:\/\/api.w.org\/{rel}","templated":true}]}}