{"id":45184,"date":"2015-11-12T15:09:46","date_gmt":"2015-11-12T18:09:46","guid":{"rendered":"http:\/\/www.blogdotarugao.com.br\/v1\/?p=45184"},"modified":"2015-11-12T15:09:46","modified_gmt":"2015-11-12T18:09:46","slug":"dilma-sanciona-com-veto-lei-do-direito-de-resposta-na-imprensa","status":"publish","type":"post","link":"https:\/\/www.blogdotarugao.com.br\/v1\/2015\/11\/12\/dilma-sanciona-com-veto-lei-do-direito-de-resposta-na-imprensa\/","title":{"rendered":"Dilma sanciona com veto lei do direito de resposta na imprensa"},"content":{"rendered":"<h3 style=\"text-align: justify;\"><img loading=\"lazy\" class=\"  wp-image-40026 alignleft\" src=\"http:\/\/www.blogdotarugao.com.br\/v1\/wp-content\/uploads\/2015\/08\/dilma12.jpeg\" alt=\"dilma12\" width=\"585\" height=\"439\" srcset=\"https:\/\/www.blogdotarugao.com.br\/v1\/wp-content\/uploads\/2015\/08\/dilma12.jpeg 690w, https:\/\/www.blogdotarugao.com.br\/v1\/wp-content\/uploads\/2015\/08\/dilma12-300x225.jpeg 300w\" sizes=\"(max-width: 585px) 100vw, 585px\" \/>Foi vetado o par\u00e1grafo que afirmava que o ofendido poderia requerer o direito de resposta ou retifica\u00e7\u00e3o pessoalmente<\/h3>\n<h3 style=\"text-align: justify;\">A presidente Dilma Rousseff (PT) sancionou com um veto a lei que disciplina o direito de resposta ou retifica\u00e7\u00e3o de pessoas ofendidas nos meios de comunica\u00e7\u00e3o social.\u00a0Foi vetado o par\u00e1grafo que afirmava que o ofendido poderia requerer o direito de resposta ou retifica\u00e7\u00e3o pessoalmente nos ve\u00edculos de r\u00e1dio e televis\u00e3o. O trecho foi alvo de diverg\u00eancia entre a C\u00e2mara e o Senado.<\/h3>\n<h3 style=\"text-align: justify;\">O texto determina o direito de resposta \u00e0 pessoa (f\u00edsica ou jur\u00eddica) ofendida por qualquer reportagem, nota ou not\u00edcia \u201cdivulgada por ve\u00edculo de comunica\u00e7\u00e3o social, independentemente do meio ou plataforma de distribui\u00e7\u00e3o, publica\u00e7\u00e3o ou transmiss\u00e3o que utilize, cujo conte\u00fado atente, ainda que por equ\u00edvoco de informa\u00e7\u00e3o, contra a honra, intimidade, reputa\u00e7\u00e3o, conceito, nome, marca ou imagem\u201d.<\/h3>\n<p><!--more--><\/p>\n<h3 style=\"text-align: justify;\">A Lei 13.888, de 11 de novembro de 2015, afirma que a resposta poder\u00e1 ser divulgada, publicada ou transmitida no mesmo espa\u00e7o, dia da semana e hor\u00e1rio em que ocorreu o agravo e dever\u00e1 ser exercida no prazo de 60 dias, \u201ccontados da data de cada divulga\u00e7\u00e3o, publica\u00e7\u00e3o ou transmiss\u00e3o da mat\u00e9ria ofensiva\u201d.<\/h3>\n","protected":false},"excerpt":{"rendered":"<p>Foi vetado o par\u00e1grafo que afirmava que o ofendido poderia requerer o direito de resposta ou retifica\u00e7\u00e3o pessoalmente A presidente Dilma Rousseff (PT) sancionou com um veto a lei que disciplina o direito de resposta ou retifica\u00e7\u00e3o de pessoas ofendidas nos meios de comunica\u00e7\u00e3o social.\u00a0Foi vetado o par\u00e1grafo que afirmava que o ofendido poderia requerer [&hellip;]<\/p>\n","protected":false},"author":2,"featured_media":0,"comment_status":"open","ping_status":"open","sticky":false,"template":"","format":"standard","meta":{"_links_to":"","_links_to_target":""},"categories":[70,2,1,7],"tags":[],"_links":{"self":[{"href":"https:\/\/www.blogdotarugao.com.br\/v1\/wp-json\/wp\/v2\/posts\/45184"}],"collection":[{"href":"https:\/\/www.blogdotarugao.com.br\/v1\/wp-json\/wp\/v2\/posts"}],"about":[{"href":"https:\/\/www.blogdotarugao.com.br\/v1\/wp-json\/wp\/v2\/types\/post"}],"author":[{"embeddable":true,"href":"https:\/\/www.blogdotarugao.com.br\/v1\/wp-json\/wp\/v2\/users\/2"}],"replies":[{"embeddable":true,"href":"https:\/\/www.blogdotarugao.com.br\/v1\/wp-json\/wp\/v2\/comments?post=45184"}],"version-history":[{"count":1,"href":"https:\/\/www.blogdotarugao.com.br\/v1\/wp-json\/wp\/v2\/posts\/45184\/revisions"}],"predecessor-version":[{"id":45188,"href":"https:\/\/www.blogdotarugao.com.br\/v1\/wp-json\/wp\/v2\/posts\/45184\/revisions\/45188"}],"wp:attachment":[{"href":"https:\/\/www.blogdotarugao.com.br\/v1\/wp-json\/wp\/v2\/media?parent=45184"}],"wp:term":[{"taxonomy":"category","embeddable":true,"href":"https:\/\/www.blogdotarugao.com.br\/v1\/wp-json\/wp\/v2\/categories?post=45184"},{"taxonomy":"post_tag","embeddable":true,"href":"https:\/\/www.blogdotarugao.com.br\/v1\/wp-json\/wp\/v2\/tags?post=45184"}],"curies":[{"name":"wp","href":"https:\/\/api.w.org\/{rel}","templated":true}]}}