{"id":45359,"date":"2015-11-15T15:57:30","date_gmt":"2015-11-15T18:57:30","guid":{"rendered":"http:\/\/www.blogdotarugao.com.br\/v1\/?p=45359"},"modified":"2015-11-15T15:57:30","modified_gmt":"2015-11-15T18:57:30","slug":"vereador-mais-votado-anda-de-bicicleta-e-esta-endividado","status":"publish","type":"post","link":"https:\/\/www.blogdotarugao.com.br\/v1\/2015\/11\/15\/vereador-mais-votado-anda-de-bicicleta-e-esta-endividado\/","title":{"rendered":"VEREADOR MAIS VOTADO ANDA DE BICICLETA E EST\u00c1 ENDIVIDADO"},"content":{"rendered":"<h3 style=\"text-align: justify;\"><img loading=\"lazy\" class=\"  wp-image-45360 alignleft\" src=\"http:\/\/www.blogdotarugao.com.br\/v1\/wp-content\/uploads\/2015\/11\/Fernando-da-Sa\u00fade.jpg\" alt=\"Fernando da Sa\u00fade\" width=\"585\" height=\"387\" srcset=\"https:\/\/www.blogdotarugao.com.br\/v1\/wp-content\/uploads\/2015\/11\/Fernando-da-Sa\u00fade.jpg 550w, https:\/\/www.blogdotarugao.com.br\/v1\/wp-content\/uploads\/2015\/11\/Fernando-da-Sa\u00fade-300x199.jpg 300w\" sizes=\"(max-width: 585px) 100vw, 585px\" \/>Os pol\u00edticos geralmente adquirem bens no decorrer do mandato, de forma que em campanhas futuras muitos v\u00e3o para reelei\u00e7\u00e3o em condi\u00e7\u00f5es de disputa bem mais favor\u00e1veis que a primeira. Mas uma rara exce\u00e7\u00e3o acontece em Retirol\u00e2ndia, munic\u00edpio do Territ\u00f3rio do Sisal, onde o vereador mais votado se elegeu usando como transporte uma bicicleta.<\/h3>\n<h3 style=\"text-align: justify;\">E no fim do terceiro ano de legislatura, o que podia se imaginar, ele num bom carro, \u00e9 visto ainda pedalando a bicicleta em condi\u00e7\u00f5es n\u00e3o muito boas, e segundo o vereador teme perd\u00ea-la por motivos de dividas. Estamos falando de Fernando Santos Silva, funcion\u00e1rio p\u00fablico municipal, cujo servi\u00e7o \u00e9 prestado no Hospital da cidade no setor de servi\u00e7os gerais, inclusive \u00e9 conhecido politicamente por \u201cFernando da Sa\u00fade\u201d. Segundo ele, o motivo de permanecer pedalando uma bicicleta foi por n\u00e3o ter uma educa\u00e7\u00e3o financeira, \u201cpois me atrapalhei muito com empr\u00e9stimos consignados.<\/h3>\n<h3 style=\"text-align: justify;\">Nosso sal\u00e1rio, comparado aos outros trabalhadores, \u00e9 \u00f3timo, s\u00f3 que temos que ter um certo controle com o subsidio que recebemos. Mas quem se perde como eu, acaba ficando sem nada, deixando quase todo sal\u00e1rio no banco. Somando todo d\u00e9bito mensal, gasto R$ 2 mil, depois de receber R$ 3,300,00, \u201d. Fernando garante que tentou mudar seu estilo de vida -at\u00e9 comprou um carro por R$ 8 mil, mas a coisa apertou, n\u00e3o tendo condi\u00e7\u00e3o de manuten\u00e7\u00e3o al\u00e9m do combust\u00edvel, &#8220;Tive que vender por R$ 5 mil para quitar alguns d\u00e9bitos.<\/h3>\n<p><!--more--><\/p>\n<h3 style=\"text-align: justify;\">Segundo ele, agora tem que se organizar para n\u00e3o perder a velha bicicleta, utilizada para visita domiciliar as pessoas carentes. \u201cEu quero deixar claro que esse problema s\u00f3 atingiu a mim mesmo. Minha dedica\u00e7\u00e3o as pessoas continua da mesma forma. Tenho prestado toda assist\u00eancia as pessoas que me procuram e tenho certeza que jamais me abandonar\u00e3o, pois, elas precisam de mim e eu preciso delas.<\/h3>\n<h3 style=\"text-align: justify;\">E com muita humildade s\u00f3 tenho recebido o carinho de todos e com a f\u00e9 em Deus vou pra reelei\u00e7\u00e3o ciente que fiz um mandato voltado para o povo e as pessoas se mostram satisfeitas com o meu trabalho\u201d. Fernando foi eleito em 2012 pelo Partido da Republicano Progressista \u2013 PRP com 808 votos correspondente a 8,9% dos votos v\u00e1lidos.<\/h3>\n<h3 style=\"text-align: justify;\">Fonte: Calila Not\u00edcias<\/h3>\n","protected":false},"excerpt":{"rendered":"<p>Os pol\u00edticos geralmente adquirem bens no decorrer do mandato, de forma que em campanhas futuras muitos v\u00e3o para reelei\u00e7\u00e3o em condi\u00e7\u00f5es de disputa bem mais favor\u00e1veis que a primeira. Mas uma rara exce\u00e7\u00e3o acontece em Retirol\u00e2ndia, munic\u00edpio do Territ\u00f3rio do Sisal, onde o vereador mais votado se elegeu usando como transporte uma bicicleta. E no [&hellip;]<\/p>\n","protected":false},"author":2,"featured_media":0,"comment_status":"open","ping_status":"open","sticky":false,"template":"","format":"standard","meta":{"_links_to":"","_links_to_target":""},"categories":[70,1,7],"tags":[],"_links":{"self":[{"href":"https:\/\/www.blogdotarugao.com.br\/v1\/wp-json\/wp\/v2\/posts\/45359"}],"collection":[{"href":"https:\/\/www.blogdotarugao.com.br\/v1\/wp-json\/wp\/v2\/posts"}],"about":[{"href":"https:\/\/www.blogdotarugao.com.br\/v1\/wp-json\/wp\/v2\/types\/post"}],"author":[{"embeddable":true,"href":"https:\/\/www.blogdotarugao.com.br\/v1\/wp-json\/wp\/v2\/users\/2"}],"replies":[{"embeddable":true,"href":"https:\/\/www.blogdotarugao.com.br\/v1\/wp-json\/wp\/v2\/comments?post=45359"}],"version-history":[{"count":1,"href":"https:\/\/www.blogdotarugao.com.br\/v1\/wp-json\/wp\/v2\/posts\/45359\/revisions"}],"predecessor-version":[{"id":45361,"href":"https:\/\/www.blogdotarugao.com.br\/v1\/wp-json\/wp\/v2\/posts\/45359\/revisions\/45361"}],"wp:attachment":[{"href":"https:\/\/www.blogdotarugao.com.br\/v1\/wp-json\/wp\/v2\/media?parent=45359"}],"wp:term":[{"taxonomy":"category","embeddable":true,"href":"https:\/\/www.blogdotarugao.com.br\/v1\/wp-json\/wp\/v2\/categories?post=45359"},{"taxonomy":"post_tag","embeddable":true,"href":"https:\/\/www.blogdotarugao.com.br\/v1\/wp-json\/wp\/v2\/tags?post=45359"}],"curies":[{"name":"wp","href":"https:\/\/api.w.org\/{rel}","templated":true}]}}