{"id":45498,"date":"2015-11-17T22:13:24","date_gmt":"2015-11-18T01:13:24","guid":{"rendered":"http:\/\/www.blogdotarugao.com.br\/v1\/?p=45498"},"modified":"2015-11-17T22:13:24","modified_gmt":"2015-11-18T01:13:24","slug":"pela-primeira-vez-no-mundo-zika-virus-e-relacionado-a-microcefalia-em-bebe","status":"publish","type":"post","link":"https:\/\/www.blogdotarugao.com.br\/v1\/2015\/11\/17\/pela-primeira-vez-no-mundo-zika-virus-e-relacionado-a-microcefalia-em-bebe\/","title":{"rendered":"Pela primeira vez no mundo, zika v\u00edrus \u00e9 relacionado a microcefalia em beb\u00ea"},"content":{"rendered":"<h3 style=\"text-align: justify;\"><img loading=\"lazy\" class=\"  wp-image-45499 alignleft\" src=\"http:\/\/www.blogdotarugao.com.br\/v1\/wp-content\/uploads\/2015\/11\/zika-virus.jpg\" alt=\"zika virus\" width=\"584\" height=\"818\" srcset=\"https:\/\/www.blogdotarugao.com.br\/v1\/wp-content\/uploads\/2015\/11\/zika-virus.jpg 300w, https:\/\/www.blogdotarugao.com.br\/v1\/wp-content\/uploads\/2015\/11\/zika-virus-214x300.jpg 214w\" sizes=\"(max-width: 584px) 100vw, 584px\" \/>O Minist\u00e9rio da Sa\u00fade confirmou, na tarde desta ter\u00e7a-feira (17), a presen\u00e7a de zika v\u00edrus em duas gestantes da<a href=\"http:\/\/noticias.uol.com.br\/paraiba\">Para\u00edba<\/a> que est\u00e3o com beb\u00eas no \u00fatero j\u00e1 diagnosticados com microcefalia. Essa foi a primeira confirma\u00e7\u00e3o no mundo da rela\u00e7\u00e3o entre o v\u00edrus e o problema que atinge o Nordeste &#8211;at\u00e9\u00a0ontem j\u00e1 foram registrados 399 casos.<\/h3>\n<h3 style=\"text-align: justify;\">Na \u00faltima quarta-feira (11), <a href=\"http:\/\/noticias.uol.com.br\/saude\/ultimas-noticias\/redacao\/2015\/11\/11\/ministerio-declara-situacao-de-emergencia-em-casos-de-microcefalia-em-pe.htm\">o Minist\u00e9rio da Sa\u00fade decretou emerg\u00eancia em sa\u00fade p\u00fablica de import\u00e2ncia nacional devido ao aumento de casos na regi\u00e3o<\/a>.\u00a0&#8220;Foi identificado o zika v\u00edrus em l\u00edquido amni\u00f3tico colhido de duas gestantes da Para\u00edba que haviam apresentado, por ultrassom, de que havia desenvolvimento da crian\u00e7a com microcefalia, em particular dentro do \u00fatero. A Funda\u00e7\u00e3o Oswaldo Cruz, por tr\u00eas t\u00e9cnicas diferentes, confirmou o mesmo resultado&#8221;, disse o diretor do departamento de vigil\u00e2ncia das doen\u00e7as transmiss\u00edveis do Minist\u00e9rio da Sa\u00fade, Cl\u00e1udio Maierovitch.<\/h3>\n<h3 style=\"text-align: justify;\">Apesar da confirma\u00e7\u00e3o, por se tratar de um caso novo no mundo, n\u00e3o pode ser tratado como certeza. &#8220;Isso fecha diagn\u00f3stico? Diria que quase. Al\u00e9m de estar presente do organismo ele passou para o feto. \u00c9 altamente prov\u00e1vel que as duas coisas estejam ligadas, que n\u00e3o seja apenas uma coincid\u00eancia, mas que uma coisa \u00e9 determinante a outra&#8221;, afirmou.<\/h3>\n<h3 style=\"text-align: justify;\"><cite>A preocupa\u00e7\u00e3o \u00e9 enorme. \u00c9 uma situa\u00e7\u00e3o nova, grave, cuja din\u00e2mica n\u00e3o est\u00e1 completamente compreendida.<\/cite>\u00a0<strong>Cl\u00e1udio\u00a0Maierovitch<\/strong><\/h3>\n<h3 style=\"text-align: justify;\">Para ele, com o exame, a situa\u00e7\u00e3o \u00e9 &#8220;toda nova&#8221; e ainda h\u00e1 &#8220;muitas perguntas sem resposta.&#8221; &#8220;N\u00e3o temos relatos em lugar nenhum do mundo sobre rela\u00e7\u00e3o de v\u00edrus zika com m\u00e1 rela\u00e7\u00e3o cong\u00eanita de qualquer esp\u00e9cie. Afirmar que \u00e9 necessita de um conhecimento cient\u00edfica comprovado, que n\u00e3o est\u00e1. Por isso digo que \u00e9 prov\u00e1vel. Nossos cientistas e os do mundo que podem nos ajudar a comprovar causa e efeito&#8221;, informou.<\/h3>\n<h3 style=\"text-align: justify;\">Segundo o minist\u00e9rio, o v\u00edrus zika est\u00e1 circulando em 14 Estados do pa\u00eds, entre eles todos do Nordeste, <a href=\"http:\/\/noticias.uol.com.br\/rio-de-janeiro\">Rio de Janeiro<\/a> e <a href=\"http:\/\/noticias.uol.com.br\/sao-paulo\">S\u00e3o Paulo<\/a>. A doen\u00e7a \u00e9 nova no pa\u00eds e teve uma primeira epidemia registrada, especialmente no Nordeste.<\/h3>\n<h3 style=\"text-align: justify;\">O diretor afirma que n\u00e3o h\u00e1 muito o que se fazer em caso de diagn\u00f3stico. &#8220;N\u00e3o h\u00e1 nenhum tipo de tratamento para infec\u00e7\u00e3o aguda. No caso de consequ\u00eancias graves, como ocorre com dengue, existem as medidas adequadas, mas elas n\u00e3o encurtam a dura\u00e7\u00e3o da doen\u00e7a. N\u00e3o h\u00e1 hoje, conforme o conhecimento que temos, nenhuma orienta\u00e7\u00e3o espec\u00edfica para dar, inclusive a gestante. Se a rela\u00e7\u00e3o entre zika e microcefalia for real, temos que trabalhar mais intensamente\u00a0ainda na preven\u00e7\u00e3o. Acreditamos que esse fato novo ajude a sensibilizar a popula\u00e7\u00e3o e profissionais de sa\u00fade&#8221;, explicou o diretor.<\/h3>\n<h3 style=\"text-align: justify;\"><cite>O v\u00edrus zika tem algo particular: 80% dos casos n\u00e3o t\u00eam manifesta\u00e7\u00f5es cl\u00ednicas. \u00c9 imposs\u00edvel estimar qual a magnitude da epidemia [no Brasil]. Sabemos que foi dezenas de milhares de casos, em 14 Estados.\u00a0<\/cite><strong>Cl\u00e1udio\u00a0Maierovitch<\/strong><\/h3>\n<h3 style=\"text-align: justify;\">Segundo o minist\u00e9rio, outros dois fatores ajudaram a suspeita de rela\u00e7\u00e3o entre o v\u00edrus e o problema. &#8220;Dois outros aspectos somam: n\u00e3o se encontrou at\u00e9 agora outra causa que explicasse esse aumento. Outra \u00e9 que tivemos uma circula\u00e7\u00e3o importante no primeiro semestre, primeira vez da nossa hist\u00f3ria, o que favorece o entendimento&#8221;, disse Maierovitch.<\/h3>\n<h3 style=\"text-align: justify;\">O minist\u00e9rio informou que vai pedir ajuda para investiga\u00e7\u00e3o do v\u00edrus.<\/h3>\n<h3 style=\"text-align: justify;\">Pedido de ajuda internacional<\/h3>\n<h3 style=\"text-align: justify;\">&#8220;Fizemos \u00e0 OPAS (Organiza\u00e7\u00e3o Pan-Americana da Sa\u00fade) um pedido para que tiv\u00e9ssemos apoio internacional. Solicitamos que outros especialistas de fora nos apoiem, n\u00e3o por que\u00a0n\u00e3o temos especialistas no Brasil. Em se tratando de uma situa\u00e7\u00e3o absolutamente nova do ponto de vista cient\u00edfico, que pode representar tipo de risco para outros pa\u00edses, achamos importante essa coopera\u00e7\u00e3o&#8221;, pontuou.<\/h3>\n<h3 style=\"text-align: justify;\">O minist\u00e9rio informou que dois grupos v\u00e3o se dedicar, a partir de agora, no estudo do problema. &#8220;Um ser\u00e1 constitu\u00eddo por especialistas que entendem de medicina fetal, de m\u00e1-forma\u00e7\u00e3o e de epidemiologia; ele trabalhar\u00e1 numa defini\u00e7\u00e3o mais precisa dos casos, de todos os segmentos que t\u00eam de ser feitos de confirma\u00e7\u00e3o. O segundo grupo vai se dedicar mais aos exames laboratoriais, buscando um refinamento de exame do v\u00edrus e possibilidade de coopera\u00e7\u00e3o da rede p\u00fablica no aperfei\u00e7oamento dessa metodologia&#8221;, afirmou.<\/h3>\n<h3 style=\"text-align: justify;\"><cite>Ainda n\u00e3o existe m\u00e9todo de diagnostico do v\u00edrus zika amplo. O diagn\u00f3stico \u00e9 feito por crit\u00e9rio cl\u00ednico e epidemiol\u00f3gico. Para se ter certeza que \u00e9 zika \u00e9 preciso isolar o v\u00edrus, mandar para laborat\u00f3rio. N\u00e3o \u00e9 a pr\u00e1tica.\u00a0<\/cite><strong>Cl\u00e1udio\u00a0Maierovitch<\/strong><\/h3>\n<h3 style=\"text-align: justify;\">Maierovitch disse que \u00e9 importante tamb\u00e9m um acompanhamento mais pr\u00f3ximos dos Estados a partir de agora. &#8220;[Precisamos] enquadrar e acompanhar rapidamente se h\u00e1 crescimento em outros Estados tamb\u00e9m. Al\u00e9m disso, pedimos aos Estados que transmitam aos profissionais de sa\u00fade as preocupa\u00e7\u00f5es e recomenda\u00e7\u00f5es&#8221;, afirmou.<\/h3>\n<p><!--more--><\/p>\n<h3 style=\"text-align: justify;\">Entre as orienta\u00e7\u00f5es a gestantes, o diretor disse que siga a rotina de exames do pr\u00e9-natal, com a rotina de exames. &#8220;Que n\u00e3o sejam ingeridos medicamentos sem recomenda\u00e7\u00e3o m\u00e9dica, que as gestantes evitem contatos com qualquer tipo de infec\u00e7\u00e3o, como febre. Dada a suspeita do v\u00edrus zika no munic\u00edpio, se evite ao mosquito. Sei que n\u00e3o \u00e9 f\u00e1cil &#8211;se fosse, n\u00e3o ter\u00edamos epidemia. Mas isso pode ser objeto de um esfor\u00e7o especial na gesta\u00e7\u00e3o&#8221;, completou.<\/h3>\n<h3 style=\"text-align: justify;\">A m\u00e9dia nacional de registros de casos de microcefalia no Brasil \u00e9 de 100 a 120 ao ano. A maioria dos casos de 2015 ocorreu de agosto para c\u00e1.<\/h3>\n<h3 style=\"text-align: justify;\">Exame de detec\u00e7\u00e3o n\u00e3o \u00e9 de rotina<\/h3>\n<h3 style=\"text-align: justify;\">Os exames foram feitos nas duas mulheres da Para\u00edba porque as equipes que as acompanhavam diagnosticaram a microcefalia e solicitaram o exame do l\u00edquido amni\u00f3tico \u00e0 Fiocruz para saber se havia zika v\u00edrus. O exame de retirada do l\u00edquido \u00e9 invasivo e n\u00e3o faz parte do rol de exames do pr\u00e9-natal.<\/h3>\n<h3 style=\"text-align: justify;\">Questionado sobre o n\u00famero de mulheres que teriam fetos com microcefalia, o diretor diz que n\u00e3o h\u00e1 esse dado e pediu para n\u00e3o haja uma corrida ao m\u00e9dico para buscar um exame espec\u00edfico. &#8220;Temos um grupo trabalhando nisso, justamente para que se possa ter uma defini\u00e7\u00e3o muito clara do que deve ser notificado para n\u00e3o criar uma ansiedade, que pode ser, na maioria das vezes, injustificada. Come\u00e7amos com a notifica\u00e7\u00e3o das crian\u00e7as que nascem com microcefalia. N\u00e3o temos a dimens\u00e3o de quantas mulheres t\u00eam beb\u00eas com microcefalia, tampouco temos proje\u00e7\u00e3o&#8221;, afirmou.<\/h3>\n<h3 style=\"text-align: justify;\">O rec\u00e9m-nascido com microcefalia tem o per\u00edmetro da cabe\u00e7a menor do que a m\u00e9dia, que \u00e9 de 34 a 37 cm. Crian\u00e7as com per\u00edmetro da cabe\u00e7a menor ou igual a 33 cm j\u00e1 s\u00e3o consideradas microencef\u00e1licas. A doen\u00e7a pode acarretar problemas no desenvolvimento, com limita\u00e7\u00f5es para falar, andar, escutar, e ainda algum grau de defici\u00eancia mental.<\/h3>\n<h3 style=\"text-align: justify;\">Veja os sete Estados com casos no boletim de hoje do MS:<\/h3>\n<ul style=\"text-align: justify;\">\n<li>\n<h3>PE &#8211; 268<\/h3>\n<\/li>\n<li>\n<h3>SE- 44<\/h3>\n<\/li>\n<li>\n<h3>RN &#8211; 39<\/h3>\n<\/li>\n<li>\n<h3>PB &#8211; 21<\/h3>\n<\/li>\n<li>\n<h3>PI &#8211; 10<\/h3>\n<\/li>\n<li>\n<h3>CE &#8211; 9<\/h3>\n<\/li>\n<li>\n<h3>BA &#8211; 8<\/h3>\n<\/li>\n<\/ul>\n<h3 style=\"text-align: justify;\">Total: 399<\/h3>\n","protected":false},"excerpt":{"rendered":"<p>O Minist\u00e9rio da Sa\u00fade confirmou, na tarde desta ter\u00e7a-feira (17), a presen\u00e7a de zika v\u00edrus em duas gestantes daPara\u00edba que est\u00e3o com beb\u00eas no \u00fatero j\u00e1 diagnosticados com microcefalia. Essa foi a primeira confirma\u00e7\u00e3o no mundo da rela\u00e7\u00e3o entre o v\u00edrus e o problema que atinge o Nordeste &#8211;at\u00e9\u00a0ontem j\u00e1 foram registrados 399 casos. Na [&hellip;]<\/p>\n","protected":false},"author":2,"featured_media":0,"comment_status":"open","ping_status":"open","sticky":false,"template":"","format":"standard","meta":{"_links_to":"","_links_to_target":""},"categories":[6,70,1,12],"tags":[],"_links":{"self":[{"href":"https:\/\/www.blogdotarugao.com.br\/v1\/wp-json\/wp\/v2\/posts\/45498"}],"collection":[{"href":"https:\/\/www.blogdotarugao.com.br\/v1\/wp-json\/wp\/v2\/posts"}],"about":[{"href":"https:\/\/www.blogdotarugao.com.br\/v1\/wp-json\/wp\/v2\/types\/post"}],"author":[{"embeddable":true,"href":"https:\/\/www.blogdotarugao.com.br\/v1\/wp-json\/wp\/v2\/users\/2"}],"replies":[{"embeddable":true,"href":"https:\/\/www.blogdotarugao.com.br\/v1\/wp-json\/wp\/v2\/comments?post=45498"}],"version-history":[{"count":1,"href":"https:\/\/www.blogdotarugao.com.br\/v1\/wp-json\/wp\/v2\/posts\/45498\/revisions"}],"predecessor-version":[{"id":45500,"href":"https:\/\/www.blogdotarugao.com.br\/v1\/wp-json\/wp\/v2\/posts\/45498\/revisions\/45500"}],"wp:attachment":[{"href":"https:\/\/www.blogdotarugao.com.br\/v1\/wp-json\/wp\/v2\/media?parent=45498"}],"wp:term":[{"taxonomy":"category","embeddable":true,"href":"https:\/\/www.blogdotarugao.com.br\/v1\/wp-json\/wp\/v2\/categories?post=45498"},{"taxonomy":"post_tag","embeddable":true,"href":"https:\/\/www.blogdotarugao.com.br\/v1\/wp-json\/wp\/v2\/tags?post=45498"}],"curies":[{"name":"wp","href":"https:\/\/api.w.org\/{rel}","templated":true}]}}