{"id":4629,"date":"2014-02-20T00:00:30","date_gmt":"2014-02-20T03:00:30","guid":{"rendered":"http:\/\/www.blogdotarugao.com.br\/v1\/?p=4629"},"modified":"2014-02-20T00:00:30","modified_gmt":"2014-02-20T03:00:30","slug":"senador-defende-reducao-da-maioridade-penal-para-13-anos","status":"publish","type":"post","link":"https:\/\/www.blogdotarugao.com.br\/v1\/2014\/02\/20\/senador-defende-reducao-da-maioridade-penal-para-13-anos\/","title":{"rendered":"Senador defende redu\u00e7\u00e3o da maioridade penal para 13 anos"},"content":{"rendered":"<div>\n<div><img alt=\"Senador defende redu\u00e7\u00e3o da maioridade penal para 13 anos\" src=\"http:\/\/www.bahianoticias.com.br\/fotos\/principal_noticias\/150651\/xIMAGEM_NOTICIA_5.jpg.pagespeed.ic.A116roE_hP.jpg\" \/><\/p>\n<h5>Foto: Pedro Fran\u00e7a\/ Ag\u00eancia Senado<\/h5>\n<\/div>\n<div><\/div>\n<\/div>\n<div>O senador Magno Malta (PR-ES) solicitou, nesta quarta-feira (19), apoio dos parlamentares para aprovar proposta de sua autoria que prev\u00ea a redu\u00e7\u00e3o de maioridade penal para 13 anos (PEC 90\/2003). O senador lamentou a &#8220;falta de limites&#8221; para a viol\u00eancia no pa\u00eds e destacou que 92% da popula\u00e7\u00e3o brasileira \u00e9 a favor da redu\u00e7\u00e3o. Em reuni\u00e3o da CCJ, mais cedo, foi<strong><a href=\"http:\/\/www.bahianoticias.com.br\/estadao\/noticia\/26254-senado-rejeita-reducao-da-maioridade-de-18-para-16-anos.html\" target=\"_blank\">rejeitada a PEC 33\/2012<\/a><\/strong>, do senador Aloysio Nunes Ferreira (PSDB-SP), que permitia que pessoas de 16 a 18 anos fossem tratadas como adultas, quando autoras de crimes considerados graves. Malta disse que a redu\u00e7\u00e3o da maioridade penal n\u00e3o deve estar relacionada \u00e0 faixa et\u00e1ria. Para ele, qualquer pessoa, de qualquer faixa et\u00e1ria, que cometa um crime hediondo, deve pagar as penas da lei. O senador explicou que, pela sua proposta, os menores que cometessem esse tipo de crime n\u00e3o iriam para pres\u00eddios, mas para centros de ressocializa\u00e7\u00e3o com o objetivo de formar campe\u00f5es em esporte de alto rendimento. O republicano destacou que a sociedade j\u00e1 n\u00e3o tem mais o direito \u00e0s ruas e criticou o discurso de parlamentares que tratam os jovens infratores como crian\u00e7as.<\/div>\n","protected":false},"excerpt":{"rendered":"<p>Foto: Pedro Fran\u00e7a\/ Ag\u00eancia Senado O senador Magno Malta (PR-ES) solicitou, nesta quarta-feira (19), apoio dos parlamentares para aprovar proposta de sua autoria que prev\u00ea a redu\u00e7\u00e3o de maioridade penal para 13 anos (PEC 90\/2003). O senador lamentou a &#8220;falta de limites&#8221; para a viol\u00eancia no pa\u00eds e destacou que 92% da popula\u00e7\u00e3o brasileira \u00e9 [&hellip;]<\/p>\n","protected":false},"author":2,"featured_media":0,"comment_status":"open","ping_status":"open","sticky":false,"template":"","format":"standard","meta":{"_links_to":"","_links_to_target":""},"categories":[7],"tags":[],"_links":{"self":[{"href":"https:\/\/www.blogdotarugao.com.br\/v1\/wp-json\/wp\/v2\/posts\/4629"}],"collection":[{"href":"https:\/\/www.blogdotarugao.com.br\/v1\/wp-json\/wp\/v2\/posts"}],"about":[{"href":"https:\/\/www.blogdotarugao.com.br\/v1\/wp-json\/wp\/v2\/types\/post"}],"author":[{"embeddable":true,"href":"https:\/\/www.blogdotarugao.com.br\/v1\/wp-json\/wp\/v2\/users\/2"}],"replies":[{"embeddable":true,"href":"https:\/\/www.blogdotarugao.com.br\/v1\/wp-json\/wp\/v2\/comments?post=4629"}],"version-history":[{"count":1,"href":"https:\/\/www.blogdotarugao.com.br\/v1\/wp-json\/wp\/v2\/posts\/4629\/revisions"}],"predecessor-version":[{"id":4630,"href":"https:\/\/www.blogdotarugao.com.br\/v1\/wp-json\/wp\/v2\/posts\/4629\/revisions\/4630"}],"wp:attachment":[{"href":"https:\/\/www.blogdotarugao.com.br\/v1\/wp-json\/wp\/v2\/media?parent=4629"}],"wp:term":[{"taxonomy":"category","embeddable":true,"href":"https:\/\/www.blogdotarugao.com.br\/v1\/wp-json\/wp\/v2\/categories?post=4629"},{"taxonomy":"post_tag","embeddable":true,"href":"https:\/\/www.blogdotarugao.com.br\/v1\/wp-json\/wp\/v2\/tags?post=4629"}],"curies":[{"name":"wp","href":"https:\/\/api.w.org\/{rel}","templated":true}]}}