{"id":46447,"date":"2015-12-02T18:45:05","date_gmt":"2015-12-02T21:45:05","guid":{"rendered":"http:\/\/www.blogdotarugao.com.br\/v1\/?p=46447"},"modified":"2015-12-02T18:45:05","modified_gmt":"2015-12-02T21:45:05","slug":"eduardo-cunha-anuncia-que-autorizou-processo-de-impeachment-de-dilma","status":"publish","type":"post","link":"https:\/\/www.blogdotarugao.com.br\/v1\/2015\/12\/02\/eduardo-cunha-anuncia-que-autorizou-processo-de-impeachment-de-dilma\/","title":{"rendered":"Eduardo Cunha anuncia que autorizou processo de impeachment de Dilma"},"content":{"rendered":"<h3 style=\"text-align: justify;\"><img loading=\"lazy\" class=\"  wp-image-43147 alignleft\" src=\"http:\/\/www.blogdotarugao.com.br\/v1\/wp-content\/uploads\/2015\/10\/DILMA13.jpeg\" alt=\"DILMA13\" width=\"585\" height=\"440\" srcset=\"https:\/\/www.blogdotarugao.com.br\/v1\/wp-content\/uploads\/2015\/10\/DILMA13.jpeg 690w, https:\/\/www.blogdotarugao.com.br\/v1\/wp-content\/uploads\/2015\/10\/DILMA13-300x225.jpeg 300w\" sizes=\"(max-width: 585px) 100vw, 585px\" \/>O presidente da C\u00e2mara, Eduardo Cunha, informou nesta quarta-feira (2) que autorizou a abertura do processo de impeachment da presidente Dilma Rousseff. O peemedebista afirmou que, dos sete pedidos de afastamento que ainda estavam aguardando sua an\u00e1lise, ele deu andamento ao requerimento formulado pelos juristas H\u00e9lio Bicudo e Miguel Reale J\u00fanior.<\/h3>\n<h3 style=\"text-align: justify;\">O pedido de Bicudo \u2013 um dos fundadores do PT \u2013 inclui as chamadas \u201cpedaladas fiscais\u201d do governo em 2015, como \u00e9 chamada a pr\u00e1tica de atrasar repasses a bancos p\u00fablicos a fim de cumprir as metas parciais da previs\u00e3o or\u00e7ament\u00e1ria.<img loading=\"lazy\" class=\"  wp-image-38470 alignleft\" src=\"http:\/\/www.blogdotarugao.com.br\/v1\/wp-content\/uploads\/2015\/08\/cunha.jpg\" alt=\"cunha\" width=\"584\" height=\"430\" srcset=\"https:\/\/www.blogdotarugao.com.br\/v1\/wp-content\/uploads\/2015\/08\/cunha.jpg 380w, https:\/\/www.blogdotarugao.com.br\/v1\/wp-content\/uploads\/2015\/08\/cunha-300x221.jpg 300w\" sizes=\"(max-width: 584px) 100vw, 584px\" \/><\/h3>\n<h3 style=\"text-align: justify;\">\u201cQuanto ao pedido mais comentado por voc\u00eas proferi a decis\u00e3o com o acolhimento da den\u00fancia. Ele traz a edi\u00e7\u00e3o de decretos editados em descumprimento com a lei. Consequentemente mesmo a vota\u00e7\u00e3o do PLN 5 n\u00e3o supre a irregularidade\u201d, disse Cunha em entrevista coletiva na C\u00e2mara.<\/h3>\n<h3 style=\"text-align: justify;\">A decis\u00e3o ocorreu no mesmo dia em que a bancada do PT na C\u00e2mara anunciou que vai votar pela continuidade do processo de cassa\u00e7\u00e3o de Cunha no Conselho de \u00c9tica. Ao longo do dia, Cunha passou a consultar aliados sobre a possibilidade de abrir o processo de impeachment da presidente da Rep\u00fablica.<\/h3>\n<h3 style=\"text-align: justify;\">Na tarde desta quarta, o peemedebista tratou do assunto, em seu gabinete, com deputados de PP, PSC, PMDB, DEM, PR e SD. Segundo parlamentares ouvidos pelo G1, ele queria checar se teria apoio dos partidos caso decidisse autorizar o impeachment.<\/h3>\n<h3 style=\"text-align: justify;\">Nos bastidores, aliados do presidente da C\u00e2mara mandavam recados ao Pal\u00e1cio do Planalto de que ele iria deflagrar o processo de afastamento da presidente se o Conselho de \u00c9tica desse andamento ao processo de quebra de decoro parlamentar que pode cassar o mandato dele.<\/h3>\n<h3 style=\"text-align: justify;\">Comiss\u00e3o especial<\/h3>\n<h3 style=\"text-align: justify;\">Na entrevista coletiva desta quarta, Cunha tamb\u00e9m anunciou que autorizou a cria\u00e7\u00e3o da comiss\u00e3o especial que ir\u00e1 analisar o processo de impeachment de Cunha.<\/h3>\n<p><!--more--><\/p>\n<h3 style=\"text-align: justify;\">\u201cN\u00e3o falei com ningu\u00e9m do Pal\u00e1cio. \u00c9 uma decis\u00e3o de muita reflex\u00e3o, de muita dificuldade. [\u2026] N\u00e3o quis ocupar a presid\u00eancia da C\u00e2mara para ser o protagonista da aceita\u00e7\u00e3o de um pedido de impeachment. N\u00e3o era esse o meu objetivo. Mas, repito, nunca, na hist\u00f3ria de um mandato houve tantos pedidos de impeachment como neste mandato\u201d, ressaltou o peemedebista.<\/h3>\n<h3 style=\"text-align: justify;\">Informa\u00e7\u00f5es G1<\/h3>\n","protected":false},"excerpt":{"rendered":"<p>O presidente da C\u00e2mara, Eduardo Cunha, informou nesta quarta-feira (2) que autorizou a abertura do processo de impeachment da presidente Dilma Rousseff. O peemedebista afirmou que, dos sete pedidos de afastamento que ainda estavam aguardando sua an\u00e1lise, ele deu andamento ao requerimento formulado pelos juristas H\u00e9lio Bicudo e Miguel Reale J\u00fanior. O pedido de Bicudo [&hellip;]<\/p>\n","protected":false},"author":2,"featured_media":0,"comment_status":"open","ping_status":"open","sticky":false,"template":"","format":"standard","meta":{"_links_to":"","_links_to_target":""},"categories":[70,1,7],"tags":[],"_links":{"self":[{"href":"https:\/\/www.blogdotarugao.com.br\/v1\/wp-json\/wp\/v2\/posts\/46447"}],"collection":[{"href":"https:\/\/www.blogdotarugao.com.br\/v1\/wp-json\/wp\/v2\/posts"}],"about":[{"href":"https:\/\/www.blogdotarugao.com.br\/v1\/wp-json\/wp\/v2\/types\/post"}],"author":[{"embeddable":true,"href":"https:\/\/www.blogdotarugao.com.br\/v1\/wp-json\/wp\/v2\/users\/2"}],"replies":[{"embeddable":true,"href":"https:\/\/www.blogdotarugao.com.br\/v1\/wp-json\/wp\/v2\/comments?post=46447"}],"version-history":[{"count":1,"href":"https:\/\/www.blogdotarugao.com.br\/v1\/wp-json\/wp\/v2\/posts\/46447\/revisions"}],"predecessor-version":[{"id":46448,"href":"https:\/\/www.blogdotarugao.com.br\/v1\/wp-json\/wp\/v2\/posts\/46447\/revisions\/46448"}],"wp:attachment":[{"href":"https:\/\/www.blogdotarugao.com.br\/v1\/wp-json\/wp\/v2\/media?parent=46447"}],"wp:term":[{"taxonomy":"category","embeddable":true,"href":"https:\/\/www.blogdotarugao.com.br\/v1\/wp-json\/wp\/v2\/categories?post=46447"},{"taxonomy":"post_tag","embeddable":true,"href":"https:\/\/www.blogdotarugao.com.br\/v1\/wp-json\/wp\/v2\/tags?post=46447"}],"curies":[{"name":"wp","href":"https:\/\/api.w.org\/{rel}","templated":true}]}}