{"id":46738,"date":"2015-12-08T10:36:42","date_gmt":"2015-12-08T13:36:42","guid":{"rendered":"http:\/\/www.blogdotarugao.com.br\/v1\/?p=46738"},"modified":"2015-12-08T10:39:39","modified_gmt":"2015-12-08T13:39:39","slug":"queda-de-palco-cancela-show-de-wesley-safadao-e-deixa-feridos","status":"publish","type":"post","link":"https:\/\/www.blogdotarugao.com.br\/v1\/2015\/12\/08\/queda-de-palco-cancela-show-de-wesley-safadao-e-deixa-feridos\/","title":{"rendered":"Queda de palco cancela show de Wesley Safad\u00e3o e deixa feridos"},"content":{"rendered":"<h3 style=\"text-align: justify;\"><img loading=\"lazy\" class=\"  wp-image-46739 alignleft\" src=\"http:\/\/www.blogdotarugao.com.br\/v1\/wp-content\/uploads\/2015\/12\/Weslei-Safad\u00e3o.jpg\" alt=\"Weslei Safad\u00e3o\" width=\"585\" height=\"439\" srcset=\"https:\/\/www.blogdotarugao.com.br\/v1\/wp-content\/uploads\/2015\/12\/Weslei-Safad\u00e3o.jpg 800w, https:\/\/www.blogdotarugao.com.br\/v1\/wp-content\/uploads\/2015\/12\/Weslei-Safad\u00e3o-300x225.jpg 300w\" sizes=\"(max-width: 585px) 100vw, 585px\" \/>Uma chuva acompanhada de fortes ventos derrubou parte da estrutura do palco onde aconteceria o show do cantor Wesley Safad\u00e3o, no parque de exposi\u00e7\u00f5es de Sete Lagoas, regi\u00e3o metropolitana de Belo Horizonte, por volta das 21h30 desta segunda-feira (7), de acordo com informa\u00e7\u00f5es publicadas pelo jornal Folha.<\/h3>\n<h3 style=\"text-align: justify;\">Os bombeiros disseram que socorreram apenas uma pessoa com ferimentos leves, mas outras com escoria\u00e7\u00f5es foram atendidas pelo Samu.<\/h3>\n<h3 style=\"text-align: justify;\">O palco cedeu antes do in\u00edcio do show quando a equipe t\u00e9cnica trabalhava no local. Ap\u00f3s a queda da estrutura, a apresenta\u00e7\u00e3o do cantor foi cancelada.<\/h3>\n<h3 style=\"text-align: justify;\">Segundo Corpo de Bombeiros, chovia e ventava forte quando ocorreu o acidente. Os bombeiros disseram que tamb\u00e9m faltou energia el\u00e9trica, o que gerou tumulto das pessoas para deixarem o local.<\/h3>\n<p><!--more--><\/p>\n<h3 style=\"text-align: justify;\">Os ventos fortes tamb\u00e9m derrubaram \u00e1rvores na cidade, de acordo com os bombeiros.<\/h3>\n<h3 style=\"text-align: justify;\">Fonte: Boc\u00e3o News<\/h3>\n","protected":false},"excerpt":{"rendered":"<p>Uma chuva acompanhada de fortes ventos derrubou parte da estrutura do palco onde aconteceria o show do cantor Wesley Safad\u00e3o, no parque de exposi\u00e7\u00f5es de Sete Lagoas, regi\u00e3o metropolitana de Belo Horizonte, por volta das 21h30 desta segunda-feira (7), de acordo com informa\u00e7\u00f5es publicadas pelo jornal Folha. Os bombeiros disseram que socorreram apenas uma pessoa [&hellip;]<\/p>\n","protected":false},"author":2,"featured_media":0,"comment_status":"open","ping_status":"open","sticky":false,"template":"","format":"standard","meta":{"_links_to":"","_links_to_target":""},"categories":[37,21,70,1],"tags":[],"_links":{"self":[{"href":"https:\/\/www.blogdotarugao.com.br\/v1\/wp-json\/wp\/v2\/posts\/46738"}],"collection":[{"href":"https:\/\/www.blogdotarugao.com.br\/v1\/wp-json\/wp\/v2\/posts"}],"about":[{"href":"https:\/\/www.blogdotarugao.com.br\/v1\/wp-json\/wp\/v2\/types\/post"}],"author":[{"embeddable":true,"href":"https:\/\/www.blogdotarugao.com.br\/v1\/wp-json\/wp\/v2\/users\/2"}],"replies":[{"embeddable":true,"href":"https:\/\/www.blogdotarugao.com.br\/v1\/wp-json\/wp\/v2\/comments?post=46738"}],"version-history":[{"count":3,"href":"https:\/\/www.blogdotarugao.com.br\/v1\/wp-json\/wp\/v2\/posts\/46738\/revisions"}],"predecessor-version":[{"id":46742,"href":"https:\/\/www.blogdotarugao.com.br\/v1\/wp-json\/wp\/v2\/posts\/46738\/revisions\/46742"}],"wp:attachment":[{"href":"https:\/\/www.blogdotarugao.com.br\/v1\/wp-json\/wp\/v2\/media?parent=46738"}],"wp:term":[{"taxonomy":"category","embeddable":true,"href":"https:\/\/www.blogdotarugao.com.br\/v1\/wp-json\/wp\/v2\/categories?post=46738"},{"taxonomy":"post_tag","embeddable":true,"href":"https:\/\/www.blogdotarugao.com.br\/v1\/wp-json\/wp\/v2\/tags?post=46738"}],"curies":[{"name":"wp","href":"https:\/\/api.w.org\/{rel}","templated":true}]}}