{"id":46831,"date":"2015-12-09T18:51:06","date_gmt":"2015-12-09T21:51:06","guid":{"rendered":"http:\/\/www.blogdotarugao.com.br\/v1\/?p=46831"},"modified":"2015-12-09T18:51:06","modified_gmt":"2015-12-09T21:51:06","slug":"itabuna-e-regiao-planejam-chuva-artificial-no-combate-a-seca","status":"publish","type":"post","link":"https:\/\/www.blogdotarugao.com.br\/v1\/2015\/12\/09\/itabuna-e-regiao-planejam-chuva-artificial-no-combate-a-seca\/","title":{"rendered":"Itabuna e regi\u00e3o planejam chuva artificial no combate \u00e0 seca"},"content":{"rendered":"<h3 style=\"text-align: justify;\"><img loading=\"lazy\" class=\"  wp-image-46832 alignleft\" src=\"http:\/\/www.blogdotarugao.com.br\/v1\/wp-content\/uploads\/2015\/12\/Prefeitura-11.jpg\" alt=\"Prefeitura 11\" width=\"585\" height=\"389\" srcset=\"https:\/\/www.blogdotarugao.com.br\/v1\/wp-content\/uploads\/2015\/12\/Prefeitura-11.jpg 448w, https:\/\/www.blogdotarugao.com.br\/v1\/wp-content\/uploads\/2015\/12\/Prefeitura-11-300x200.jpg 300w\" sizes=\"(max-width: 585px) 100vw, 585px\" \/>Depois de decretar situa\u00e7\u00e3o de emerg\u00eancia na semana passada, o prefeito de Itabuna, Claudevane Leite, debateu com produtores de cacau e agropecuaristas do sul da Bahia no Centro Administrativo Firmino Alves, na ter\u00e7a-feira, 8, novas medidas para amenizar os preju\u00edzos causados pelo longo per\u00edodo de estiagem. Uma das a\u00e7\u00f5es \u00e9 provocar a precipita\u00e7\u00e3o de chuvas artificiais, principalmente nas nascentes dos rios que abastecem os munic\u00edpios da Regi\u00e3o Cacaueira, com o bombardeamento de nuvens com o uso de produtos qu\u00edmicos.<\/h3>\n<h3 style=\"text-align: justify;\">Para viabilizar a contrata\u00e7\u00e3o de uma empresa especializada para oferecer os servi\u00e7os de nuclea\u00e7\u00e3o de nuvens, os produtores rurais apresentaram uma proposta de parceria com a Prefeitura de Itabuna. A medida, que ser\u00e1 estendida para os demais munic\u00edpios do sul da Bahia, foi acatada imediatamente por Vane, que refor\u00e7ou sua preocupa\u00e7\u00e3o com a grave situa\u00e7\u00e3o n\u00e3o s\u00f3 por causa da falta de \u00e1gua nas nascentes dos rios com o desabastecimento da popula\u00e7\u00e3o, mas tamb\u00e9m por causa das queimadas e os preju\u00edzos no campo.<\/h3>\n<h3 style=\"text-align: justify;\"><\/h3>\n<h3 style=\"text-align: justify;\"><\/h3>\n<h3 style=\"text-align: justify;\">Nesta quinta-feira, dia 10, Vane debater\u00e1 a contrata\u00e7\u00e3o dos servi\u00e7os com o secret\u00e1rio estadual de Rela\u00e7\u00f5es Institucionais, Josias Gomes, e est\u00e1 fazendo contato com prefeitos de outros munic\u00edpios e com o presidente da Associa\u00e7\u00e3o dos Munic\u00edpios do Sul, Extremo Sul e Sudoeste da Bahia (Amurc) para que participem das a\u00e7\u00f5es emergenciais visando atenuar os efeitos da falta de chuvas. A contrata\u00e7\u00e3o da aeronave por um per\u00edodo de 30 dias est\u00e1 or\u00e7ada em R$ 230 mil. O contrato pode ser estendido por mais tempo, a depender da necessidade.<\/h3>\n<h3 style=\"text-align: justify;\"><\/h3>\n<h3 style=\"text-align: justify;\">A situa\u00e7\u00e3o cr\u00edtica de falta de chuva e as dificuldades no abastecimento de \u00e1gua pot\u00e1vel para a popula\u00e7\u00e3o de Itabuna ainda ser\u00e1 discutida com o presidente da Embasa, Rog\u00e9rio Cedraz, em Salvador, tamb\u00e9m na quinta-feira. &#8220;Essa seca est\u00e1 causando um preju\u00edzo enorme tanto na cidade, quanto no campo. Est\u00e1 provocando desemprego e comprometendo toda a economia regional&#8221;, observou Vane, que vai pedir \u00e0 concession\u00e1ria estadual de saneamento que acelere o projeto de constru\u00e7\u00e3o da barragem no Rio Col\u00f4nia, em Itap\u00e9, cuja ordem de servi\u00e7o foi assinada m\u00eas passado pelo governador Rui Costa.<\/h3>\n<h3 style=\"text-align: justify;\"><\/h3>\n<h3 style=\"text-align: justify;\"><b>PREJU\u00cdZO<\/b><\/h3>\n<h3 style=\"text-align: justify;\"><\/h3>\n<h3 style=\"text-align: justify;\">Acompanhado de um grupo de produtores rurais, o presidente do Instituto Pensar Cacau, \u00c1guido Muniz, afirmou que, se medidas urgentes, como a nuclea\u00e7\u00e3o de nuvens, n\u00e3o forem adotadas, os preju\u00edzos \u00e0 economia regional ser\u00e3o incalcul\u00e1veis. &#8220;Somos uma regi\u00e3o com potencial econ\u00f4mico estimado em US$ 21 bilh\u00f5es e respons\u00e1veis por 17% das receitas geradas pela agricultura baiana. N\u00e3o podemos de uma hora para outra acumular tantos preju\u00edzos com perdas na produ\u00e7\u00e3o de cacau, seringueira, fruticultura e agropecu\u00e1ria. Al\u00e9m disso, corremos o risco de perder milhares de empregos e ter uma crise ainda maior&#8221;, disse.<\/h3>\n<h3 style=\"text-align: justify;\"><\/h3>\n<h3 style=\"text-align: justify;\">O agricultor observou ainda que a t\u00e9cnica de bombardear nuvens para provocar chuvas j\u00e1 foi utilizada com sucesso em outras regi\u00f5es e at\u00e9 mesmo no sul da Bahia em per\u00edodos de estiagem anteriores. O processo consiste gotejar \u00e1gua nas nuvens que tenham potencial para gerar chuva artificial, a partir de sua identifica\u00e7\u00e3o com radar. Al\u00e9m de produtores rurais e agropecuaristas, tamb\u00e9m participaram das discuss\u00f5es os secret\u00e1rios municipais de Planejamento e Tecnologia de Itabuna, Wenceslau J\u00fanior, de Agricultura de Itaju\u00edpe, Marcos Paulo Vasconcelos, e os vereadores Jos\u00e9 Silva, Aldenes Meira, Ailson Souza, Joilson Rosa, Chico Reis e Jairo Ara\u00fajo, o cantor e compositor Marcelo Ganem, tamb\u00e9m produtor rural em Buerarema.<\/h3>\n","protected":false},"excerpt":{"rendered":"<p>Depois de decretar situa\u00e7\u00e3o de emerg\u00eancia na semana passada, o prefeito de Itabuna, Claudevane Leite, debateu com produtores de cacau e agropecuaristas do sul da Bahia no Centro Administrativo Firmino Alves, na ter\u00e7a-feira, 8, novas medidas para amenizar os preju\u00edzos causados pelo longo per\u00edodo de estiagem. Uma das a\u00e7\u00f5es \u00e9 provocar a precipita\u00e7\u00e3o de chuvas [&hellip;]<\/p>\n","protected":false},"author":2,"featured_media":0,"comment_status":"open","ping_status":"open","sticky":false,"template":"","format":"standard","meta":{"_links_to":"","_links_to_target":""},"categories":[6,70,1,7],"tags":[],"_links":{"self":[{"href":"https:\/\/www.blogdotarugao.com.br\/v1\/wp-json\/wp\/v2\/posts\/46831"}],"collection":[{"href":"https:\/\/www.blogdotarugao.com.br\/v1\/wp-json\/wp\/v2\/posts"}],"about":[{"href":"https:\/\/www.blogdotarugao.com.br\/v1\/wp-json\/wp\/v2\/types\/post"}],"author":[{"embeddable":true,"href":"https:\/\/www.blogdotarugao.com.br\/v1\/wp-json\/wp\/v2\/users\/2"}],"replies":[{"embeddable":true,"href":"https:\/\/www.blogdotarugao.com.br\/v1\/wp-json\/wp\/v2\/comments?post=46831"}],"version-history":[{"count":1,"href":"https:\/\/www.blogdotarugao.com.br\/v1\/wp-json\/wp\/v2\/posts\/46831\/revisions"}],"predecessor-version":[{"id":46833,"href":"https:\/\/www.blogdotarugao.com.br\/v1\/wp-json\/wp\/v2\/posts\/46831\/revisions\/46833"}],"wp:attachment":[{"href":"https:\/\/www.blogdotarugao.com.br\/v1\/wp-json\/wp\/v2\/media?parent=46831"}],"wp:term":[{"taxonomy":"category","embeddable":true,"href":"https:\/\/www.blogdotarugao.com.br\/v1\/wp-json\/wp\/v2\/categories?post=46831"},{"taxonomy":"post_tag","embeddable":true,"href":"https:\/\/www.blogdotarugao.com.br\/v1\/wp-json\/wp\/v2\/tags?post=46831"}],"curies":[{"name":"wp","href":"https:\/\/api.w.org\/{rel}","templated":true}]}}