{"id":46837,"date":"2015-12-09T20:12:07","date_gmt":"2015-12-09T23:12:07","guid":{"rendered":"http:\/\/www.blogdotarugao.com.br\/v1\/?p=46837"},"modified":"2015-12-09T20:12:07","modified_gmt":"2015-12-09T23:12:07","slug":"temer-ja-escolhe-nova-equipe-de-governo-caso-dilma-saia-diz-coluna","status":"publish","type":"post","link":"https:\/\/www.blogdotarugao.com.br\/v1\/2015\/12\/09\/temer-ja-escolhe-nova-equipe-de-governo-caso-dilma-saia-diz-coluna\/","title":{"rendered":"Temer j\u00e1 escolhe nova equipe de governo caso Dilma saia, diz coluna"},"content":{"rendered":"<h3 style=\"text-align: justify;\"><img loading=\"lazy\" class=\"  wp-image-46838 alignleft\" src=\"http:\/\/www.blogdotarugao.com.br\/v1\/wp-content\/uploads\/2015\/12\/Colunista.jpg\" alt=\"Colunista\" width=\"584\" height=\"430\" srcset=\"https:\/\/www.blogdotarugao.com.br\/v1\/wp-content\/uploads\/2015\/12\/Colunista.jpg 380w, https:\/\/www.blogdotarugao.com.br\/v1\/wp-content\/uploads\/2015\/12\/Colunista-300x221.jpg 300w\" sizes=\"(max-width: 584px) 100vw, 584px\" \/>A equipe do eventual governo de Michel Temer (PMDB) j\u00e1 come\u00e7a a ser definida pelo vice-presidente caso a presidente Dilma Rousseff (PT) sofra impeachment, afirmou a colunista M\u00f4nica Bergamo, da Folha de S. Paulo.<\/h3>\n<h3 style=\"text-align: justify;\">Segundo a publica\u00e7\u00e3o, o \u201chomem forte\u201d da economia seria Henrique Meirelles, ex-presidente do Banco do Brasil \u2013 que chegou a ser cogitado pela pr\u00f3pria Dilma e j\u00e1 assumiu que aceitaria o convite.<\/h3>\n<h3 style=\"text-align: justify;\">Nelson Jobim, ex-ministro do Supremo Tribunal Federal (STF), voltaria ao comando do Minist\u00e9rio da Justi\u00e7a, enquanto o senador Jos\u00e9 Serra (PSDB) iria para uma pasta \u201cforte\u201d, desde que n\u00e3o fosse de economia \u2013 o tucano seria rejeitado pelo mercado financeiro. A colunista aponta que Temer pode estar seguindo alternativas propostas a Dilma pelo pr\u00f3prio ex-presidente Luiz In\u00e1cio Lula da Silva.<\/h3>\n<h3 style=\"text-align: justify;\">A nomea\u00e7\u00e3o de Jobim, por exemplo, garantiria maior controle sobre a Pol\u00edcia Federal. &#8220;Com ele, delegado n\u00e3o vai mandar em ministro&#8221;, afirma um interlocutor do vice-presidente.<\/h3>\n","protected":false},"excerpt":{"rendered":"<p>A equipe do eventual governo de Michel Temer (PMDB) j\u00e1 come\u00e7a a ser definida pelo vice-presidente caso a presidente Dilma Rousseff (PT) sofra impeachment, afirmou a colunista M\u00f4nica Bergamo, da Folha de S. Paulo. Segundo a publica\u00e7\u00e3o, o \u201chomem forte\u201d da economia seria Henrique Meirelles, ex-presidente do Banco do Brasil \u2013 que chegou a ser [&hellip;]<\/p>\n","protected":false},"author":2,"featured_media":0,"comment_status":"open","ping_status":"open","sticky":false,"template":"","format":"standard","meta":{"_links_to":"","_links_to_target":""},"categories":[70,1,7],"tags":[],"_links":{"self":[{"href":"https:\/\/www.blogdotarugao.com.br\/v1\/wp-json\/wp\/v2\/posts\/46837"}],"collection":[{"href":"https:\/\/www.blogdotarugao.com.br\/v1\/wp-json\/wp\/v2\/posts"}],"about":[{"href":"https:\/\/www.blogdotarugao.com.br\/v1\/wp-json\/wp\/v2\/types\/post"}],"author":[{"embeddable":true,"href":"https:\/\/www.blogdotarugao.com.br\/v1\/wp-json\/wp\/v2\/users\/2"}],"replies":[{"embeddable":true,"href":"https:\/\/www.blogdotarugao.com.br\/v1\/wp-json\/wp\/v2\/comments?post=46837"}],"version-history":[{"count":1,"href":"https:\/\/www.blogdotarugao.com.br\/v1\/wp-json\/wp\/v2\/posts\/46837\/revisions"}],"predecessor-version":[{"id":46839,"href":"https:\/\/www.blogdotarugao.com.br\/v1\/wp-json\/wp\/v2\/posts\/46837\/revisions\/46839"}],"wp:attachment":[{"href":"https:\/\/www.blogdotarugao.com.br\/v1\/wp-json\/wp\/v2\/media?parent=46837"}],"wp:term":[{"taxonomy":"category","embeddable":true,"href":"https:\/\/www.blogdotarugao.com.br\/v1\/wp-json\/wp\/v2\/categories?post=46837"},{"taxonomy":"post_tag","embeddable":true,"href":"https:\/\/www.blogdotarugao.com.br\/v1\/wp-json\/wp\/v2\/tags?post=46837"}],"curies":[{"name":"wp","href":"https:\/\/api.w.org\/{rel}","templated":true}]}}