{"id":4705,"date":"2014-02-20T23:26:35","date_gmt":"2014-02-21T02:26:35","guid":{"rendered":"http:\/\/www.blogdotarugao.com.br\/v1\/?p=4705"},"modified":"2014-02-20T23:33:06","modified_gmt":"2014-02-21T02:33:06","slug":"alecio-reconhece-que-nao-tem-prestigio-junto-ao-governo-ao-dizer-para-mototaxistas-que-nao-podia-fazer-nada-e-que-o-problema-nao-era-dele","status":"publish","type":"post","link":"https:\/\/www.blogdotarugao.com.br\/v1\/2014\/02\/20\/alecio-reconhece-que-nao-tem-prestigio-junto-ao-governo-ao-dizer-para-mototaxistas-que-nao-podia-fazer-nada-e-que-o-problema-nao-era-dele\/","title":{"rendered":"Al\u00e9cio reconhece que n\u00e3o tem prestigio junto ao governo ao dizer para mototaxistas que n\u00e3o podia fazer nada e que o problema n\u00e3o era dele"},"content":{"rendered":"<div>\n<figure id=\"attachment_4920\"><a href=\"http:\/\/tribunadeitapetinga.com.br\/media\/2014\/02\/2014-02-20-10.11.21.jpg\" class=\"gallery_colorbox\"><img loading=\"lazy\" alt=\"2014-02-20 10.11.21\" src=\"http:\/\/tribunadeitapetinga.com.br\/media\/2014\/02\/2014-02-20-10.11.21-400x300.jpg\"  width=\"400\" height=\"300\" \/><\/a><figcaption>Foto\/ Cesar Soares<\/figcaption><\/figure>\n<p>O vice-prefeito de Itapetinga Al\u00e9cio Chaves, quando deixava a prefeitura durante o protesto realizado na manh\u00e3 desta quinta-feira (20), mostrou que n\u00e3o tem prestigio junto ao governo municipal, cercado pelos manifestantes, Al\u00e9cio disse que s\u00f3 conversava com tr\u00eas dos presentes e, que os demais deveriam sair. Pressionado o vice-prefeito chegou a descer do seu veiculo, quando a classe de moto-taxistas pediram para conversar dentro da prefeitura com os tr\u00eas manifestantes que o pr\u00f3prio Alecio havia sugerido, ele voltou atraz e disse que l\u00e1 n\u00e3o iria n\u00e3o por que estaria viajando as 10hs. A postura de Al\u00e9cio s\u00f3 mostra a falta de prestigio que ele tem no governo e, piora mais ainda sua vida publica. Revoltados com a falta de vontade pol\u00edtica de Al\u00e9cio, os manifestantes o vaiaram e ouviu-se voz o chamando de \u201cBosta dentro da Prefeitura\u201d. Quanta falta de prestigio Al\u00e9cio! Pelo jeito, a figura do vice-prefeito n\u00e3o faz jus ao sal\u00e1rio que recebe, at\u00e9 mesmo por que estava tentando tratar uma coisa s\u00e9ria de forma respons\u00e1vel,\u00a0 negociando com manifestantes no meio da pra\u00e7a, longe de todo mundo e sem qualquer documento a ser assinado como garantia de algum eventual acordo.<\/p>\n<\/div>\n<footer>\n<div>\n<div><\/div>\n<div><\/div>\n<\/div>\n<\/footer>\n","protected":false},"excerpt":{"rendered":"<p>Foto\/ Cesar Soares O vice-prefeito de Itapetinga Al\u00e9cio Chaves, quando deixava a prefeitura durante o protesto realizado na manh\u00e3 desta quinta-feira (20), mostrou que n\u00e3o tem prestigio junto ao governo municipal, cercado pelos manifestantes, Al\u00e9cio disse que s\u00f3 conversava com tr\u00eas dos presentes e, que os demais deveriam sair. Pressionado o vice-prefeito chegou a descer [&hellip;]<\/p>\n","protected":false},"author":2,"featured_media":0,"comment_status":"open","ping_status":"open","sticky":false,"template":"","format":"standard","meta":{"_links_to":"","_links_to_target":""},"categories":[7],"tags":[],"_links":{"self":[{"href":"https:\/\/www.blogdotarugao.com.br\/v1\/wp-json\/wp\/v2\/posts\/4705"}],"collection":[{"href":"https:\/\/www.blogdotarugao.com.br\/v1\/wp-json\/wp\/v2\/posts"}],"about":[{"href":"https:\/\/www.blogdotarugao.com.br\/v1\/wp-json\/wp\/v2\/types\/post"}],"author":[{"embeddable":true,"href":"https:\/\/www.blogdotarugao.com.br\/v1\/wp-json\/wp\/v2\/users\/2"}],"replies":[{"embeddable":true,"href":"https:\/\/www.blogdotarugao.com.br\/v1\/wp-json\/wp\/v2\/comments?post=4705"}],"version-history":[{"count":3,"href":"https:\/\/www.blogdotarugao.com.br\/v1\/wp-json\/wp\/v2\/posts\/4705\/revisions"}],"predecessor-version":[{"id":4708,"href":"https:\/\/www.blogdotarugao.com.br\/v1\/wp-json\/wp\/v2\/posts\/4705\/revisions\/4708"}],"wp:attachment":[{"href":"https:\/\/www.blogdotarugao.com.br\/v1\/wp-json\/wp\/v2\/media?parent=4705"}],"wp:term":[{"taxonomy":"category","embeddable":true,"href":"https:\/\/www.blogdotarugao.com.br\/v1\/wp-json\/wp\/v2\/categories?post=4705"},{"taxonomy":"post_tag","embeddable":true,"href":"https:\/\/www.blogdotarugao.com.br\/v1\/wp-json\/wp\/v2\/tags?post=4705"}],"curies":[{"name":"wp","href":"https:\/\/api.w.org\/{rel}","templated":true}]}}