{"id":4715,"date":"2014-02-21T08:27:49","date_gmt":"2014-02-21T11:27:49","guid":{"rendered":"http:\/\/www.blogdotarugao.com.br\/v1\/?p=4715"},"modified":"2014-02-21T08:28:44","modified_gmt":"2014-02-21T11:28:44","slug":"delegados-se-negam-a-fazer-ocorrencia-contra-pm-que-agrediu-rodoviario","status":"publish","type":"post","link":"https:\/\/www.blogdotarugao.com.br\/v1\/2014\/02\/21\/delegados-se-negam-a-fazer-ocorrencia-contra-pm-que-agrediu-rodoviario\/","title":{"rendered":"Delegados se negam a fazer ocorr\u00eancia contra PM que agrediu rodovi\u00e1rio"},"content":{"rendered":"<div><img alt=\"\" src=\"http:\/\/www.bocaonews.com.br\/ckfinder\/userfiles\/fotos_e_imagens\/POLICIA\/Delegados%20se%20negam%20a%20fazer%20ocorr%C3%AAncia%20contra%20PM%20que%20agrediu%20rodovi%C3%A1rio%20-%20foto%20-%20reproducao.jpg\" \/><\/div>\n<div id=\"cke_pastebin\">O motorista de \u00f4nibus,\u00a0Paulo Rog\u00e9rio D\u00f3rea dos Santos,\u00a0violentamente agredido por um policial militar na Paralela, em Salvador, tem dificuldades para registrar o caso na delegacia. Segundo informa\u00e7\u00f5es da fam\u00edlia da v\u00edtima, eles tentaram registrar a ocorr\u00eancia, mas n\u00e3o conseguiram.<\/div>\n<div id=\"cke_pastebin\">Nem mesmo um exame toxicol\u00f3gico foi pedido pelo delegado para averiguar se o PM acusado de agress\u00e3o estaria sob efeito de bebida alco\u00f3lico ou de alguma outra subst\u00e2ncia. O delegado que assumiu o plant\u00e3o informou que na casa n\u00e3o tinha escriv\u00e3o e que a delegada titular n\u00e3o estaria no local e nada foi feito.O caso ocorreu ap\u00f3s o suspeito, que estava voltando de uma festa, se envolver em um acidente na pista marginal que d\u00e1 acesso \u00e0 movimentada avenida. O motorista de \u00f4nibus, se preparava para trabalhar em um \u00f4nibus a poucos metros do local do acidente. A v\u00edtima percebeu que uma das rodas havia se soltado do carro do policial e ca\u00eddo no meio da pista. Santos foi at\u00e9 o local para remover o objeto e evitar um novo acidente, mas o PM achou que o motorista queria roubar o objeto e come\u00e7ou a sess\u00e3o de espancamento.<\/p>\n<\/div>\n<div id=\"cke_pastebin\"><\/div>\n<div id=\"cke_pastebin\">A Pol\u00edcia Civil disse que a ocorr\u00eancia foi registrada na ter\u00e7a-feira (18) e assinado pela delegada Elza Bonfim de Souza, titular da 10\u00aa DT (Delegacia Territorial\/Pau da Lima), e que foi expedida tamb\u00e9m um guia para a v\u00edtima ser submetida a exame de corpo delito, no DPT (Departamento de Pol\u00edcia T\u00e9cnica).<\/div>\n<div id=\"cke_pastebin\"><\/div>\n<div id=\"cke_pastebin\">De acordo com uma testemunha, o PM foi pra cima do motorista com uma arma, mandou colocar a m\u00e3o na cabe\u00e7a, se ajoelhar e come\u00e7ou as agress\u00f5es. O homem disse saiu em busca de ajuda, mas como n\u00e3o encontrou nenhuma viatura, ligou para a pol\u00edcia: &#8220;o que mais me indignou \u00e9 que a suposta namorada dele estava fardada, eu a avistei l\u00e1 do lado do posto de gasolina, o carro dela estava estacionado do lado das correntes e ela nada fez&#8221;.<\/div>\n<div id=\"cke_pastebin\"><\/div>\n<div id=\"cke_pastebin\">A v\u00edtima ficou com hematomas nos olhos e em parte do rosto. A testa sofreu um grande corte provocado pelos chutes que teriam sido dados pelo policial. O homem chegou a ficar internado em um posto de sa\u00fade, pois havia o risco de sequelas.<\/div>\n<div><iframe loading=\"lazy\" src=\"http:\/\/player.r7.com\/video\/i\/5306071b596f99e2b4000007?layout=wide252p\" height=\"315\" width=\"448\" frameborder=\"0\" marginwidth=\"0\" marginheight=\"0\" scrolling=\"no\"><\/iframe><\/div>\n<div><\/div>\n","protected":false},"excerpt":{"rendered":"<p>O motorista de \u00f4nibus,\u00a0Paulo Rog\u00e9rio D\u00f3rea dos Santos,\u00a0violentamente agredido por um policial militar na Paralela, em Salvador, tem dificuldades para registrar o caso na delegacia. Segundo informa\u00e7\u00f5es da fam\u00edlia da v\u00edtima, eles tentaram registrar a ocorr\u00eancia, mas n\u00e3o conseguiram. Nem mesmo um exame toxicol\u00f3gico foi pedido pelo delegado para averiguar se o PM acusado de [&hellip;]<\/p>\n","protected":false},"author":2,"featured_media":0,"comment_status":"open","ping_status":"open","sticky":false,"template":"","format":"standard","meta":{"_links_to":"","_links_to_target":""},"categories":[7],"tags":[],"_links":{"self":[{"href":"https:\/\/www.blogdotarugao.com.br\/v1\/wp-json\/wp\/v2\/posts\/4715"}],"collection":[{"href":"https:\/\/www.blogdotarugao.com.br\/v1\/wp-json\/wp\/v2\/posts"}],"about":[{"href":"https:\/\/www.blogdotarugao.com.br\/v1\/wp-json\/wp\/v2\/types\/post"}],"author":[{"embeddable":true,"href":"https:\/\/www.blogdotarugao.com.br\/v1\/wp-json\/wp\/v2\/users\/2"}],"replies":[{"embeddable":true,"href":"https:\/\/www.blogdotarugao.com.br\/v1\/wp-json\/wp\/v2\/comments?post=4715"}],"version-history":[{"count":3,"href":"https:\/\/www.blogdotarugao.com.br\/v1\/wp-json\/wp\/v2\/posts\/4715\/revisions"}],"predecessor-version":[{"id":4718,"href":"https:\/\/www.blogdotarugao.com.br\/v1\/wp-json\/wp\/v2\/posts\/4715\/revisions\/4718"}],"wp:attachment":[{"href":"https:\/\/www.blogdotarugao.com.br\/v1\/wp-json\/wp\/v2\/media?parent=4715"}],"wp:term":[{"taxonomy":"category","embeddable":true,"href":"https:\/\/www.blogdotarugao.com.br\/v1\/wp-json\/wp\/v2\/categories?post=4715"},{"taxonomy":"post_tag","embeddable":true,"href":"https:\/\/www.blogdotarugao.com.br\/v1\/wp-json\/wp\/v2\/tags?post=4715"}],"curies":[{"name":"wp","href":"https:\/\/api.w.org\/{rel}","templated":true}]}}