{"id":4747,"date":"2014-02-22T08:00:27","date_gmt":"2014-02-22T11:00:27","guid":{"rendered":"http:\/\/www.blogdotarugao.com.br\/v1\/?p=4747"},"modified":"2014-02-22T08:00:27","modified_gmt":"2014-02-22T11:00:27","slug":"a-beira-da-folia-clima-na-oposicao-e-tenso","status":"publish","type":"post","link":"https:\/\/www.blogdotarugao.com.br\/v1\/2014\/02\/22\/a-beira-da-folia-clima-na-oposicao-e-tenso\/","title":{"rendered":"\u00c0 beira da folia, clima na oposi\u00e7\u00e3o \u00e9 tenso"},"content":{"rendered":"<p><img title=\"Foto: Roberto Viana \/\/ Boc\u00e3o News\" alt=\"\" src=\"http:\/\/bocaonews.com.br\/ckfinder\/userfiles\/fotos_e_imagens\/POLITICA\/BAHIA\/PREFEITURA-DE-SALVADOR\/barra-inauguracao.JPG\" \/><\/p>\n<p>As v\u00e9speras do Carnaval, o clima entre os pr\u00e9-candidatos da oposi\u00e7\u00e3o ao governo do estado n\u00e3o foi um dos mais amenos. Embora tenham caminhado juntos em meio \u00e0 pr\u00e9-inaugura\u00e7\u00e3o do trecho um da Barra, na tarde desta sexta-feira (21), Paulo Souto (DEM) e Geddel Vieira Lima (PMDB) n\u00e3o distribu\u00edram sorrisos. O prefeito ACM Neto (DEM) prometeu anunciar a decis\u00e3o, que j\u00e1 foi tomada, ap\u00f3s o Carnaval, e assim ser\u00e1 feito.<\/p>\n<p>No palanque, Paulo Souto manteve a posi\u00e7\u00e3o de n\u00e3o falar com a imprensa. Ao ser questionado pelo prefeito se iria discursar, disse veemente que n\u00e3o. Geddel seguiu o democrata. Ambos n\u00e3o trocavam olhares e foi percept\u00edvel o clima de inimizades.<br \/>\n<img title=\"Foto: Roberto Viana \/\/ Boc\u00e3o News\" alt=\"\" src=\"http:\/\/bocaonews.com.br\/ckfinder\/userfiles\/fotos_e_imagens\/POLITICA\/BAHIA\/PREFEITURA-DE-SALVADOR\/paulo_souto_geddel_barra_orla_nova_bocaonews_rv%20(9).JPG\" \/><br \/>\nAo Boc\u00e3o News, o presidente do PMDB na Bahia afirmou que n\u00e3o poderia dar a not\u00edcia e descartou a possibilidade de marchar sozinho. \u201cA novidade que tenho n\u00e3o posso dizer agora, mas n\u00e3o trabalhamos com a hip\u00f3tese de outra candidatura\u201d.<br \/>\nJ\u00e1 o deputado federal L\u00facio Vieira Lima disse que as discuss\u00f5es continuam e que Geddel est\u00e1 tranquilo. Tanta tranquilidade n\u00e3o foi percept\u00edvel no democrata que nos \u00faltimos dias espalhava acenos, abra\u00e7os e afetos, principalmente com os tucanos. Agora \u00e9 aguardar a folia momesca encerrar.<\/p>\n","protected":false},"excerpt":{"rendered":"<p>As v\u00e9speras do Carnaval, o clima entre os pr\u00e9-candidatos da oposi\u00e7\u00e3o ao governo do estado n\u00e3o foi um dos mais amenos. Embora tenham caminhado juntos em meio \u00e0 pr\u00e9-inaugura\u00e7\u00e3o do trecho um da Barra, na tarde desta sexta-feira (21), Paulo Souto (DEM) e Geddel Vieira Lima (PMDB) n\u00e3o distribu\u00edram sorrisos. O prefeito ACM Neto (DEM) [&hellip;]<\/p>\n","protected":false},"author":2,"featured_media":0,"comment_status":"open","ping_status":"open","sticky":false,"template":"","format":"standard","meta":{"_links_to":"","_links_to_target":""},"categories":[7],"tags":[],"_links":{"self":[{"href":"https:\/\/www.blogdotarugao.com.br\/v1\/wp-json\/wp\/v2\/posts\/4747"}],"collection":[{"href":"https:\/\/www.blogdotarugao.com.br\/v1\/wp-json\/wp\/v2\/posts"}],"about":[{"href":"https:\/\/www.blogdotarugao.com.br\/v1\/wp-json\/wp\/v2\/types\/post"}],"author":[{"embeddable":true,"href":"https:\/\/www.blogdotarugao.com.br\/v1\/wp-json\/wp\/v2\/users\/2"}],"replies":[{"embeddable":true,"href":"https:\/\/www.blogdotarugao.com.br\/v1\/wp-json\/wp\/v2\/comments?post=4747"}],"version-history":[{"count":1,"href":"https:\/\/www.blogdotarugao.com.br\/v1\/wp-json\/wp\/v2\/posts\/4747\/revisions"}],"predecessor-version":[{"id":4748,"href":"https:\/\/www.blogdotarugao.com.br\/v1\/wp-json\/wp\/v2\/posts\/4747\/revisions\/4748"}],"wp:attachment":[{"href":"https:\/\/www.blogdotarugao.com.br\/v1\/wp-json\/wp\/v2\/media?parent=4747"}],"wp:term":[{"taxonomy":"category","embeddable":true,"href":"https:\/\/www.blogdotarugao.com.br\/v1\/wp-json\/wp\/v2\/categories?post=4747"},{"taxonomy":"post_tag","embeddable":true,"href":"https:\/\/www.blogdotarugao.com.br\/v1\/wp-json\/wp\/v2\/tags?post=4747"}],"curies":[{"name":"wp","href":"https:\/\/api.w.org\/{rel}","templated":true}]}}