{"id":5025,"date":"2014-02-24T21:27:01","date_gmt":"2014-02-25T00:27:01","guid":{"rendered":"http:\/\/www.blogdotarugao.com.br\/v1\/?p=5025"},"modified":"2014-02-24T21:27:01","modified_gmt":"2014-02-25T00:27:01","slug":"neto-diz-que-chapa-ideal-e-com-souto-e-geddel-juntos-porem-nao-vai-garantir-nada","status":"publish","type":"post","link":"https:\/\/www.blogdotarugao.com.br\/v1\/2014\/02\/24\/neto-diz-que-chapa-ideal-e-com-souto-e-geddel-juntos-porem-nao-vai-garantir-nada\/","title":{"rendered":"NETO DIZ QUE CHAPA IDEAL \u00c9 COM SOUTO E GEDDEL JUNTOS POR\u00c9M N\u00c3O VAI GARANTIR NADA"},"content":{"rendered":"<div><\/div>\n<div><img class=\"alignleft\" alt=\"22_05_13_Prefeito ACM Neto_foto Valter Pontes_AGECOM27\" src=\"http:\/\/tribunadeitapetinga.com.br\/media\/2014\/02\/22_05_13_Prefeito-ACM-Neto_foto-Valter-Pontes_AGECOM271-400x289.jpg\" \/>O prefeito ACM Neto (DEM) conversou com jornalistas do Jornal A Tarde e falou sobre as principais quest\u00f5es do seu governo no ano de 2014. Dentre elas as elei\u00e7\u00f5es para o governo do estado em outubro.<\/div>\n<div id=\"cke_pastebin\"><\/div>\n<div id=\"cke_pastebin\">Neto, deve mesmo ser o principal nome da oposi\u00e7\u00e3o na campanha de outubro. Mesmo sem ser o candidato ele espera at\u00e9 o final das elei\u00e7\u00f5es est\u00e1 ao lado do candidato das oposi\u00e7\u00f5es para arrecadar votos, j\u00e1 que sua popularidade est\u00e1 em alta na cidade.<\/div>\n<div id=\"cke_pastebin\"><\/div>\n<div id=\"cke_pastebin\">Sobre a disputa entre Paulo Souto e Geddel para serem o candidato da oposi\u00e7\u00e3o Neto explicou que o problema n\u00e3o \u00e9 f\u00e1cil de resolver. \u201cEstamos no prazo que consideramos adequado. N\u00e3o assumi nenhuma posi\u00e7\u00e3o antes do Carnaval, coloquei o m\u00eas de mar\u00e7o como o mais adequado\u201d.<\/div>\n<div id=\"cke_pastebin\"><\/div>\n<div id=\"cke_pastebin\">Sobre as proposta de Souto e Geddel Neto explicou que ambos est\u00e3o preparados. \u201cO governador Paulo Souto e Geddel (Vieira Lima, PMDB) t\u00eam se mostrado como meninos, com muita disposi\u00e7\u00e3o, vitalidade e sa\u00fade. Os dois t\u00eam se cuidado. Geddel est\u00e1 com silhueta mais magra, Paulo Souto em forma, fazendo exerc\u00edcios. Qualquer um dos dois que for escolhido vai ter pique para fazer uma campanha intensa e sobretudo para governar quatro anos a Bahia\u201d.<\/div>\n<div id=\"cke_pastebin\"><\/div>\n<div id=\"cke_pastebin\">Neto tamb\u00e9m afirmou que a prioridade \u00e9 ter Souto e Geddel na mesma chapa por\u00e9m se isso n\u00e3o for poss\u00edvel cada um deve montar sua estrat\u00e9gia de campanha.\u201cN\u00e3o h\u00e1 hip\u00f3tese de haver duas candidaturas, que o DEM e o PMDB estar\u00e3o juntos, que eu estava trabalhando arduamente para que Geddel e Paulo estivessem numa mesma chapa majorit\u00e1ria e que o que n\u00e3o se podia \u00e9 colocar uma faca no pesco\u00e7o para obrigar que aquele que n\u00e3o seja o escolhido candidato a governador necessariamente venha ser candidato ao Senado. Se isso n\u00e3o for poss\u00edvel, vai se montar uma outra chapa com outros nomes, e aquele que n\u00e3o for o escolhido pode ter o desejo de disputar uma elei\u00e7\u00e3o proporcional\u201d.<\/div>\n","protected":false},"excerpt":{"rendered":"<p>O prefeito ACM Neto (DEM) conversou com jornalistas do Jornal A Tarde e falou sobre as principais quest\u00f5es do seu governo no ano de 2014. Dentre elas as elei\u00e7\u00f5es para o governo do estado em outubro. Neto, deve mesmo ser o principal nome da oposi\u00e7\u00e3o na campanha de outubro. Mesmo sem ser o candidato ele [&hellip;]<\/p>\n","protected":false},"author":2,"featured_media":0,"comment_status":"open","ping_status":"open","sticky":false,"template":"","format":"standard","meta":{"_links_to":"","_links_to_target":""},"categories":[7],"tags":[],"_links":{"self":[{"href":"https:\/\/www.blogdotarugao.com.br\/v1\/wp-json\/wp\/v2\/posts\/5025"}],"collection":[{"href":"https:\/\/www.blogdotarugao.com.br\/v1\/wp-json\/wp\/v2\/posts"}],"about":[{"href":"https:\/\/www.blogdotarugao.com.br\/v1\/wp-json\/wp\/v2\/types\/post"}],"author":[{"embeddable":true,"href":"https:\/\/www.blogdotarugao.com.br\/v1\/wp-json\/wp\/v2\/users\/2"}],"replies":[{"embeddable":true,"href":"https:\/\/www.blogdotarugao.com.br\/v1\/wp-json\/wp\/v2\/comments?post=5025"}],"version-history":[{"count":1,"href":"https:\/\/www.blogdotarugao.com.br\/v1\/wp-json\/wp\/v2\/posts\/5025\/revisions"}],"predecessor-version":[{"id":5026,"href":"https:\/\/www.blogdotarugao.com.br\/v1\/wp-json\/wp\/v2\/posts\/5025\/revisions\/5026"}],"wp:attachment":[{"href":"https:\/\/www.blogdotarugao.com.br\/v1\/wp-json\/wp\/v2\/media?parent=5025"}],"wp:term":[{"taxonomy":"category","embeddable":true,"href":"https:\/\/www.blogdotarugao.com.br\/v1\/wp-json\/wp\/v2\/categories?post=5025"},{"taxonomy":"post_tag","embeddable":true,"href":"https:\/\/www.blogdotarugao.com.br\/v1\/wp-json\/wp\/v2\/tags?post=5025"}],"curies":[{"name":"wp","href":"https:\/\/api.w.org\/{rel}","templated":true}]}}