{"id":5051,"date":"2014-02-25T08:17:48","date_gmt":"2014-02-25T11:17:48","guid":{"rendered":"http:\/\/www.blogdotarugao.com.br\/v1\/?p=5051"},"modified":"2014-02-25T08:17:48","modified_gmt":"2014-02-25T11:17:48","slug":"wagner-diz-que-deseja-mulher-como-vice-na-chapa-de-rui-costa","status":"publish","type":"post","link":"https:\/\/www.blogdotarugao.com.br\/v1\/2014\/02\/25\/wagner-diz-que-deseja-mulher-como-vice-na-chapa-de-rui-costa\/","title":{"rendered":"Wagner diz que deseja mulher como vice na chapa de Rui Costa"},"content":{"rendered":"<div>\n<div><img alt=\"Wagner diz que deseja mulher como vice na chapa de Rui Costa\" src=\"http:\/\/www.bahianoticias.com.br\/fotos\/principal_noticias\/150864\/xIMAGEM_NOTICIA_5.jpg.pagespeed.ic.Fgc53GuxWS.jpg\" \/><\/p>\n<h5>Foto: Betto Jr. \/ Ag. Haack \/ Bahia Not\u00edcias<\/h5>\n<\/div>\n<div><\/div>\n<\/div>\n<div>O governador Jaques Wagner afirmou ainda achar \u201csimp\u00e1tica\u201d a ideia de ter uma mulher como vice do candidato do governo \u00e0 sua sucess\u00e3o, o secret\u00e1rio da Casa Civil Rui Costa. O chefe do Executivo baiano ressaltou, por\u00e9m, que tal configura\u00e7\u00e3o da chapa depende das legendas aliadas. \u201cEvidentemente que isso vem de um processo de convencimento, de conversa. N\u00e3o diria que \u00e9 uma imposi\u00e7\u00e3o, mas um desejo. Vamos ver como caminham as conversas, se a gente consegue chegar a um denominador comum\u201d, declarou Wagner ao jornal A Tarde. O governador relatou ainda que teve conversas com o prefeito de Salvador, ACM Neto, sobre a montagem da chapa das oposi\u00e7\u00f5es, que ainda n\u00e3o definiram se ter\u00e3o candidato \u00fanico e a quem caber\u00e1 tal posto. \u201cEle me disse que a semana tinha come\u00e7ado com Geddel, pois o outro [Paulo Souto] n\u00e3o queria. E terminada a semana o outro voltando a querer e pronto, est\u00e1 at\u00e9 hoje&#8230;[o impasse]\u201d, disse. Wagner reiterou ainda que o martelo sobre a indica\u00e7\u00e3o do vice, disputado por PDT e PP, s\u00f3 ser\u00e1 batido ap\u00f3s o Carnaval.<\/div>\n","protected":false},"excerpt":{"rendered":"<p>Foto: Betto Jr. \/ Ag. Haack \/ Bahia Not\u00edcias O governador Jaques Wagner afirmou ainda achar \u201csimp\u00e1tica\u201d a ideia de ter uma mulher como vice do candidato do governo \u00e0 sua sucess\u00e3o, o secret\u00e1rio da Casa Civil Rui Costa. O chefe do Executivo baiano ressaltou, por\u00e9m, que tal configura\u00e7\u00e3o da chapa depende das legendas aliadas. [&hellip;]<\/p>\n","protected":false},"author":2,"featured_media":0,"comment_status":"open","ping_status":"open","sticky":false,"template":"","format":"standard","meta":{"_links_to":"","_links_to_target":""},"categories":[7],"tags":[],"_links":{"self":[{"href":"https:\/\/www.blogdotarugao.com.br\/v1\/wp-json\/wp\/v2\/posts\/5051"}],"collection":[{"href":"https:\/\/www.blogdotarugao.com.br\/v1\/wp-json\/wp\/v2\/posts"}],"about":[{"href":"https:\/\/www.blogdotarugao.com.br\/v1\/wp-json\/wp\/v2\/types\/post"}],"author":[{"embeddable":true,"href":"https:\/\/www.blogdotarugao.com.br\/v1\/wp-json\/wp\/v2\/users\/2"}],"replies":[{"embeddable":true,"href":"https:\/\/www.blogdotarugao.com.br\/v1\/wp-json\/wp\/v2\/comments?post=5051"}],"version-history":[{"count":1,"href":"https:\/\/www.blogdotarugao.com.br\/v1\/wp-json\/wp\/v2\/posts\/5051\/revisions"}],"predecessor-version":[{"id":5053,"href":"https:\/\/www.blogdotarugao.com.br\/v1\/wp-json\/wp\/v2\/posts\/5051\/revisions\/5053"}],"wp:attachment":[{"href":"https:\/\/www.blogdotarugao.com.br\/v1\/wp-json\/wp\/v2\/media?parent=5051"}],"wp:term":[{"taxonomy":"category","embeddable":true,"href":"https:\/\/www.blogdotarugao.com.br\/v1\/wp-json\/wp\/v2\/categories?post=5051"},{"taxonomy":"post_tag","embeddable":true,"href":"https:\/\/www.blogdotarugao.com.br\/v1\/wp-json\/wp\/v2\/tags?post=5051"}],"curies":[{"name":"wp","href":"https:\/\/api.w.org\/{rel}","templated":true}]}}