{"id":50554,"date":"2016-01-29T21:39:19","date_gmt":"2016-01-30T00:39:19","guid":{"rendered":"http:\/\/www.blogdotarugao.com.br\/v1\/?p=50554"},"modified":"2016-01-30T09:01:05","modified_gmt":"2016-01-30T12:01:05","slug":"apos-video-peticao-pede-para-juiz-retirar-guarda-de-menino-do-pa","status":"publish","type":"post","link":"https:\/\/www.blogdotarugao.com.br\/v1\/2016\/01\/29\/apos-video-peticao-pede-para-juiz-retirar-guarda-de-menino-do-pa\/","title":{"rendered":"Ap\u00f3s v\u00eddeo, peti\u00e7\u00e3o pede para juiz retirar guarda de menino do pai"},"content":{"rendered":"<h3 style=\"text-align: justify;\"><img loading=\"lazy\" class=\"  wp-image-50556 alignleft\" src=\"http:\/\/www.blogdotarugao.com.br\/v1\/wp-content\/uploads\/2016\/01\/peti\u00e7\u00e3o.jpg\" alt=\"peti\u00e7\u00e3o\" width=\"585\" height=\"440\" srcset=\"https:\/\/www.blogdotarugao.com.br\/v1\/wp-content\/uploads\/2016\/01\/peti\u00e7\u00e3o.jpg 620w, https:\/\/www.blogdotarugao.com.br\/v1\/wp-content\/uploads\/2016\/01\/peti\u00e7\u00e3o-300x225.jpg 300w\" sizes=\"(max-width: 585px) 100vw, 585px\" \/><\/h3>\n<h1 class=\"entry-title\"><\/h1>\n<h3 style=\"text-align: justify;\">Defesa do pai est\u00e1 de f\u00e9rias; v\u00eddeo mostra menino desesperado com not\u00edcia.<br \/>\nTribunal de Justi\u00e7a e MP disseram que n\u00e3o se manifestariam sobre o caso.<br \/>\nPouco mais de 24 horas ap\u00f3s um <a href=\"http:\/\/g1.globo.com\/distrito-federal\/noticia\/2016\/01\/juiz-do-df-da-guarda-de-menino-ao-pai-e-garoto-se-desespera-video.html\">v\u00eddeo mostrar o desespero de um menino de 6 anos ao receber a not\u00edcia de que deveria voltar a morar com o pai<\/a>, usu\u00e1rios de redes sociais criaram uma peti\u00e7\u00e3o online para pedir ao Tribunal de Justi\u00e7a do Distrito Federal voltar atr\u00e1s na decis\u00e3o. A p\u00e1gina tinha 9,79 mil assinaturas at\u00e9 as 19h. A campanha pede ainda que as pessoas mandem e-mails ou liguem para o \u00f3rg\u00e3o. O garoto j\u00e1 <a href=\"http:\/\/g1.globo.com\/sp\/piracicaba-regiao\/noticia\/2016\/01\/menino-volta-morar-com-pai-apos-chorar-ao-saber-de-decisao-do-juiz.html\">voltou para a casa do pai<\/a>.<\/h3>\n<h3 style=\"text-align: justify;\">Tamb\u00e9m foram criadas uma p\u00e1gina no Facebook, que j\u00e1 soma 145 mil membros, e organizada uma passeata. O registro aconteceu na noite desta quarta-feira (27), depois de cinco horas de audi\u00eancia no F\u00f3rum do Riacho Fundo. O menino chora, diz que n\u00e3o quer largar a m\u00e3e de novo e pede para ser deixado em uma sala. Ainda no v\u00eddeo, ele afirma que apanhava do pai e que a madrasta o empurrava.<\/h3>\n<h3 style=\"text-align: justify;\">O <strong>G1<\/strong> procurou o advogado do pai por meio de redes sociais, celular e escrit\u00f3rio. Colegas informaram que ele est\u00e1 de f\u00e9rias, e o profissional n\u00e3o deu retorno \u00e0 reportagem.<\/h3>\n<h3 style=\"text-align: justify;\">Em nota divulgada nesta quinta-feira, o TJ disse que n\u00e3o se pronunciaria sobre o caso, &#8220;uma vez que o processo est\u00e1 em segredo de Justi\u00e7a e decis\u00e3o judicial deve ser questionada judicialmente&#8221;. O Minist\u00e9rio P\u00fablico informou que tamb\u00e9m n\u00e3o comentaria<\/h3>\n<div id=\"4769539\" class=\"video componente_materia\" data-height=\"349\" data-width=\"620\">\n<div id=\"wp3-player-0\" class=\"clappr-player\" tabindex=\"9999\" data-player=\"\">\n<div class=\"container master-container\" data-container=\"\" data-pip=\"\">\n<div id=\"c16\" data-id-playback=\"\">\n<p><iframe loading=\"lazy\" src=\"https:\/\/www.youtube.com\/embed\/MT0I_zQdZbQ\" width=\"580\" height=\"436\" frameborder=\"0\" allowfullscreen=\"allowfullscreen\"><\/iframe><\/p>\n<\/div>\n<\/div>\n<\/div>\n<\/div>\n<h3 style=\"text-align: justify;\">O garoto passou os \u00faltimos quatro meses morando com a m\u00e3e, Rosilene Batista Silva, que diz que foi busc\u00e1-lo no interior de S\u00e3o Paulo ap\u00f3s ouvir da ex-cunhada que ele era maltratado. O casal viveu junto durante um ano, e a mulher conta que s\u00f3 deu a guarda do filho ao homem porque ele a amea\u00e7ava de morte.<\/h3>\n<h3 style=\"text-align: justify;\">Especialista em direito da fam\u00edlia, o advogado Robinson Neves disse acreditar que \u00e9 preciso prud\u00eancia na hora de analisar o caso. \u201c\u00c9 uma situa\u00e7\u00e3o muito delicada. Muitas vezes a gente n\u00e3o sabe nem se a crian\u00e7a n\u00e3o est\u00e1 falando aquilo com algum preparo feito para aquilo. Aquela crian\u00e7a pode estar de tal modo influenciada por aquela m\u00e3e que est\u00e1 verbalizando coisas que n\u00e3o acontecem.\u201d<\/h3>\n<h3 style=\"text-align: justify;\">\u201cAgora, partindo do pressuposto que aquilo realmente aconte\u00e7a, \u00e9 evidente que isso pode usado no processo para que esse juiz volte atr\u00e1s nessa decis\u00e3o ou fa\u00e7a uma conviv\u00eancia com o pai supervisionada\u201d, completou o advogado. \u201cO v\u00eddeo \u00e9 chocante, a crian\u00e7a est\u00e1 visivelmente desesperada [&#8230;]. Uma prova robusta de que isso que essa crian\u00e7a falou existe de fato certamente far\u00e1 o juiz reavaliar a situa\u00e7\u00e3o e optar que a crian\u00e7a fica em uma situa\u00e7\u00e3o que n\u00e3o a exponha a risco.\u201d<\/h3>\n<div class=\"frase-materia componente_materia expandido\">\n<h3 class=\"frase\" style=\"text-align: justify;\">u imagino que essa crian\u00e7a tenha sido ouvida pelo psicossocial forense, que o juiz tenha ouvido pai e madrasta, tenho ouvido a m\u00e3e. \u00c9 uma decis\u00e3o muito complexa. Na minha experi\u00eancia, ju\u00edzes n\u00e3o v\u00e3o revertendo guarda, principalmente quando tem acusa\u00e7\u00e3o de maus-tratos, porque o maior interesse da crian\u00e7a \u00e9 o que predomina neste tempo todo&#8221;<\/h3>\n<h3 class=\"autor\" style=\"text-align: justify;\">Sandra Baccara,<br \/>\npsic\u00f3loga<\/h3>\n<\/div>\n<h3 style=\"text-align: justify;\">A psic\u00f3loga Sandra Baccara disse que \u00e9 preciso avaliar a situa\u00e7\u00e3o com cautela. Ela assistiu ao v\u00eddeo na companhia de uma colega, a pedido do <strong>G1<\/strong>. \u201cO que eu vi aqui \u00e9 um v\u00eddeo que em alguns momentos me parece que foi combinado. A crian\u00e7a est\u00e1 muito preocupada em olhar para a c\u00e2mera. A gente n\u00e3o v\u00ea escorrer uma l\u00e1grima pelo rosto dela. Tem momentos em que ela est\u00e1 em desespero, outros que est\u00e1 t\u00e3o fria, t\u00e3o calculista.\u201d<\/h3>\n<h3 style=\"text-align: justify;\">A profissional levanta outros questionamentos. \u201cExiste um desespero da crian\u00e7a? Existe. Tem momentos em que se v\u00ea isso claramente. Mas tem frases dele que s\u00e3o curiosas, como ele dizendo que \u2018l\u00e1 \u00e9 muito chato\u2019. Por que \u00e9 chato? Por que l\u00e1 tem limite? Por que na casa da minha m\u00e3e n\u00e3o tinha obriga\u00e7\u00e3o e na do pai \u00e9 compromisso? O que \u00e9 o chato? \u00c9 tudo suposi\u00e7\u00e3o, e \u00e9 dif\u00edcil analisar sem conhecer o processo, mas s\u00e3o coisas que precisam ser averiguadas. Existe de verdade esses maus-tratos? Existe de verdade que a madrasta empurrou ele do banquinho?\u201d, indaga<\/h3>\n<h3 style=\"text-align: justify;\">Sandra recomenda que o menino continue sendo acompanhado pelo Conselho Tutelar, Justi\u00e7a e Minist\u00e9rio P\u00fablico. \u201cEu imagino que essa crian\u00e7a tenha sido ouvida pelo psicossocial forense, que o juiz tenha ouvido pai e madrasta, tenho ouvido a m\u00e3e. \u00c9 uma decis\u00e3o muito complexa. Na minha experi\u00eancia, ju\u00edzes n\u00e3o v\u00e3o revertendo guarda, principalmente quando tem acusa\u00e7\u00e3o de maus-tratos, porque o maior interesse da crian\u00e7a \u00e9 o que predomina neste tempo todo.\u201d<\/h3>\n<h3 style=\"text-align: justify;\"><strong>O caso<\/strong><br \/>\nO pai tinha a guarda da crian\u00e7a desde 2012. Rosilene diz que trouxe o filho para <a class=\"premium-tip\" href=\"http:\/\/g1.globo.com\/df\/distrito-federal\/cidade\/brasilia.html\">Bras\u00edlia<\/a> sem consultar o pai, depois de visitar a crian\u00e7a e constatar maus-tratos. Ela afirma, por\u00e9m, ter procurado orienta\u00e7\u00e3o jur\u00eddica antes de tentar reaver a guarda da crian\u00e7a.<\/h3>\n<h3 style=\"text-align: justify;\">\u201cEu cheguei l\u00e1, eu j\u00e1 tinha procurado orienta\u00e7\u00e3o da Defensoria [P\u00fablica], da Vara da Crian\u00e7a [Inf\u00e2ncia e Juventude], que me orientou \u2018Rosi, vai para l\u00e1, se voc\u00ea vir que seu filho est\u00e1 em situa\u00e7\u00e3o de risco voc\u00ea traz, porque dentro da nossa jurisdi\u00e7\u00e3o a gente pode ajudar\u2019. N\u00f3s trouxemos ele no dia 6 de setembro\u201d, conta a m\u00e3e. Ainda em setembro, a mulher conseguiu a guarda provis\u00f3ria do menino.<\/h3>\n<h3 style=\"text-align: justify;\">A m\u00e3e tamb\u00e9m alega que registrou queixas contra as agress\u00f5es que alega ter sofrido, mas que as retirou por medo da rea\u00e7\u00e3o do ex-marido. Ela diz que ficou dois anos sem poder ver a crian\u00e7a.<\/h3>\n<h3 style=\"text-align: justify;\">No processo, uma conselheira tutelar relata que ouviu do garoto que ele sofria maus-tratos do pai e da madrasta e que queria continuar vivendo com a m\u00e3e em Bras\u00edlia. Outra profissional, da cidade onde o menino morava at\u00e9 ent\u00e3o, diz que n\u00e3o havia ind\u00edcios da situa\u00e7\u00e3o. Uma assistente social do Minist\u00e9rio P\u00fablico afirma que a crian\u00e7a se referia ao pai como algu\u00e9m de quem tivesse medo.<\/h3>\n<h3 style=\"text-align: justify;\">Tia do garoto, Sarah Almada conta que Rosilene chegou a precisar de atendimento m\u00e9dico depois de ouvir a decis\u00e3o. Ela foi a pessoa que filmou a rea\u00e7\u00e3o da crian\u00e7a.<\/p>\n<p><strong><img loading=\"lazy\" class=\"  wp-image-50555 alignleft\" src=\"http:\/\/www.blogdotarugao.com.br\/v1\/wp-content\/uploads\/2016\/01\/Samuel1.jpg\" alt=\"Samuel1\" width=\"585\" height=\"440\" srcset=\"https:\/\/www.blogdotarugao.com.br\/v1\/wp-content\/uploads\/2016\/01\/Samuel1.jpg 620w, https:\/\/www.blogdotarugao.com.br\/v1\/wp-content\/uploads\/2016\/01\/Samuel1-300x225.jpg 300w\" sizes=\"(max-width: 585px) 100vw, 585px\" \/>Manifestantes em frente ao F\u00f3rum do Riacho Fundo em ato em que pedem revis\u00e3o de decis\u00e3o judicial (Foto: Raquel Morais\/G1)<\/strong><\/h3>\n<h3 style=\"text-align: justify;\"><strong>Protesto<\/strong><br \/>\nUma <a href=\"http:\/\/g1.globo.com\/distrito-federal\/noticia\/2016\/01\/ato-pede-que-justica-reverta-decisao-que-manda-mae-entregar-filho-ao-pai.html\">manifesta\u00e7\u00e3o organizada por meio de redes sociais<\/a> reuniu dezenas de pessoas nesta sexta-feira (28) em frente ao F\u00f3rum do Riacho Fundo, no Distrito Federal, para tentar sensibilizar a Justi\u00e7a a reverter a decis\u00e3o que determina que um menino de 6 anos volte a morar com o pai. Um v\u00eddeo que circula na web mostra o desespero da crian\u00e7a no momento em que recebe a not\u00edcia.<\/h3>\n<h3 style=\"text-align: justify;\">O grupo levou cartazes refor\u00e7ando os pedidos da crian\u00e7a no v\u00eddeo. Motoristas que passavam pela rua do f\u00f3rum buzinavam em apoio ao ato. Muitas mulheres estavam acompanhadas dos filhos e gritavam por justi\u00e7a.<\/h3>\n","protected":false},"excerpt":{"rendered":"<p>Defesa do pai est\u00e1 de f\u00e9rias; v\u00eddeo mostra menino desesperado com not\u00edcia. Tribunal de Justi\u00e7a e MP disseram que n\u00e3o se manifestariam sobre o caso. Pouco mais de 24 horas ap\u00f3s um v\u00eddeo mostrar o desespero de um menino de 6 anos ao receber a not\u00edcia de que deveria voltar a morar com o pai, [&hellip;]<\/p>\n","protected":false},"author":2,"featured_media":0,"comment_status":"open","ping_status":"open","sticky":false,"template":"","format":"standard","meta":{"_links_to":"","_links_to_target":""},"categories":[70,18,1],"tags":[],"_links":{"self":[{"href":"https:\/\/www.blogdotarugao.com.br\/v1\/wp-json\/wp\/v2\/posts\/50554"}],"collection":[{"href":"https:\/\/www.blogdotarugao.com.br\/v1\/wp-json\/wp\/v2\/posts"}],"about":[{"href":"https:\/\/www.blogdotarugao.com.br\/v1\/wp-json\/wp\/v2\/types\/post"}],"author":[{"embeddable":true,"href":"https:\/\/www.blogdotarugao.com.br\/v1\/wp-json\/wp\/v2\/users\/2"}],"replies":[{"embeddable":true,"href":"https:\/\/www.blogdotarugao.com.br\/v1\/wp-json\/wp\/v2\/comments?post=50554"}],"version-history":[{"count":4,"href":"https:\/\/www.blogdotarugao.com.br\/v1\/wp-json\/wp\/v2\/posts\/50554\/revisions"}],"predecessor-version":[{"id":50573,"href":"https:\/\/www.blogdotarugao.com.br\/v1\/wp-json\/wp\/v2\/posts\/50554\/revisions\/50573"}],"wp:attachment":[{"href":"https:\/\/www.blogdotarugao.com.br\/v1\/wp-json\/wp\/v2\/media?parent=50554"}],"wp:term":[{"taxonomy":"category","embeddable":true,"href":"https:\/\/www.blogdotarugao.com.br\/v1\/wp-json\/wp\/v2\/categories?post=50554"},{"taxonomy":"post_tag","embeddable":true,"href":"https:\/\/www.blogdotarugao.com.br\/v1\/wp-json\/wp\/v2\/tags?post=50554"}],"curies":[{"name":"wp","href":"https:\/\/api.w.org\/{rel}","templated":true}]}}